{"id":5606,"date":"2023-01-18T09:25:37","date_gmt":"2023-01-18T07:25:37","guid":{"rendered":"https:\/\/contratacion.almunecar.es\/?p=5606"},"modified":"2023-03-23T12:41:55","modified_gmt":"2023-03-23T10:41:55","slug":"expte-164-2022-gest-10337-2022-suministro-de-10-baculos-de-farolas-y-19-modulos-retrofit-para-el-paseo-de-la-caletilla-en-almunecar-subvencion-para-gastos-extraordinarios-de-inversion-2022-dipu","status":"publish","type":"post","link":"https:\/\/contratacion.almunecar.es\/?p=5606","title":{"rendered":"EXPTE. 164\/2022 (GEST 10337\/2022): SUMINISTRO DE 10 B\u00c1CULOS DE FAROLAS Y 19 M\u00d3DULOS RETROFIT PARA EL PASEO DE LA CALETILLA, EN ALMU\u00d1\u00c9CAR. SUBVENCI\u00d3N PARA GASTOS EXTRAORDINARIOS DE INVERSI\u00d3N 2022, DIPUTACI\u00d3N DE GRANADA."},"content":{"rendered":"<p>18\/01\/2023 <a href=\"https:\/\/contratacion.almunecar.es\/wp-content\/uploads\/2023\/01\/INFORME-DE-NECESIDAD-Suministro-10-bac-y-19-lum-Paseo-Caletilla.pdf\">INFORME DE NECESIDAD Suministro 10 bac y 19 lum Paseo Caletilla<\/a><\/p>\n<p>10\/02\/2023 <a href=\"https:\/\/contratacion.almunecar.es\/wp-content\/uploads\/2023\/01\/DECRETO-2023-0579-R.A.-EXPTE.-164-2022-GEST-10337-2022-Sum.-elementos-farolas-Paseo-de-La-Cale.pdf\">DECRETO 2023-0579 [R.A. EXPTE. 164-2022 (GEST 10337-2022) Sum. elementos farolas Paseo de La Cale<\/a><\/p>\n<p>&nbsp;<\/p>\n<p>&nbsp;<\/p>\n","protected":false},"excerpt":{"rendered":"<p>18\/01\/2023 INFORME DE NECESIDAD Suministro 10 bac y 19 lum Paseo Caletilla 10\/02\/2023 DECRETO 2023-0579 [R.A. EXPTE. 164-2022 (GEST 10337-2022) Sum. elementos farolas Paseo de La Cale &nbsp; &nbsp;<\/p>\n","protected":false},"author":5,"featured_media":0,"comment_status":"closed","ping_status":"closed","sticky":false,"template":"","format":"standard","meta":{"_acf_changed":false,"footnotes":""},"categories":[5,3,10,4],"tags":[],"class_list":["post-5606","post","type-post","status-publish","format-standard","hentry","category-adjudicacion_final","category-anuncio","category-menores","category-licitacion"],"acf":[],"_links":{"self":[{"href":"https:\/\/contratacion.almunecar.es\/index.php?rest_route=\/wp\/v2\/posts\/5606","targetHints":{"allow":["GET"]}}],"collection":[{"href":"https:\/\/contratacion.almunecar.es\/index.php?rest_route=\/wp\/v2\/posts"}],"about":[{"href":"https:\/\/contratacion.almunecar.es\/index.php?rest_route=\/wp\/v2\/types\/post"}],"author":[{"embeddable":true,"href":"https:\/\/contratacion.almunecar.es\/index.php?rest_route=\/wp\/v2\/users\/5"}],"replies":[{"embeddable":true,"href":"https:\/\/contratacion.almunecar.es\/index.php?rest_route=%2Fwp%2Fv2%2Fcomments&post=5606"}],"version-history":[{"count":4,"href":"https:\/\/contratacion.almunecar.es\/index.php?rest_route=\/wp\/v2\/posts\/5606\/revisions"}],"predecessor-version":[{"id":5693,"href":"https:\/\/contratacion.almunecar.es\/index.php?rest_route=\/wp\/v2\/posts\/5606\/revisions\/5693"}],"wp:attachment":[{"href":"https:\/\/contratacion.almunecar.es\/index.php?rest_route=%2Fwp%2Fv2%2Fmedia&parent=5606"}],"wp:term":[{"taxonomy":"category","embeddable":true,"href":"https:\/\/contratacion.almunecar.es\/index.php?rest_route=%2Fwp%2Fv2%2Fcategories&post=5606"},{"taxonomy":"post_tag","embeddable":true,"href":"https:\/\/contratacion.almunecar.es\/index.php?rest_route=%2Fwp%2Fv2%2Ftags&post=5606"}],"curies":[{"name":"wp","href":"https:\/\/api.w.org\/{rel}","templated":true}]}}