{"id":5575,"date":"2023-01-16T11:11:16","date_gmt":"2023-01-16T09:11:16","guid":{"rendered":"https:\/\/contratacion.almunecar.es\/?p=5575"},"modified":"2023-02-06T09:23:47","modified_gmt":"2023-02-06T07:23:47","slug":"expte-2-2023-gest-10152-2020-suministro-de-agua-para-la-recarga-del-acuifero-de-rio-verde-en-almunecar","status":"publish","type":"post","link":"https:\/\/contratacion.almunecar.es\/?p=5575","title":{"rendered":"EXPTE. 2\/2023 (GEST 10152\/2020): SUMINISTRO DE AGUA PARA LA RECARGA DEL ACU\u00cdFERO DE R\u00cdO VERDE, EN ALMU\u00d1\u00c9CAR. TRAMITACI\u00d3N URGENTE."},"content":{"rendered":"<p>16\/01\/2023 <a href=\"https:\/\/contratacion.almunecar.es\/wp-content\/uploads\/2023\/01\/INFORME-NECESIDAD-RECARGA-ACUIFERO-URGENCIA.pdf\">INFORME NECESIDAD RECARGA ACUIFERO URGENCIA<\/a><\/p>\n<p>16\/01\/2023 <a href=\"https:\/\/contratacion.almunecar.es\/wp-content\/uploads\/2023\/01\/PPTP-RECARGA-ACUIFERO.pdf\">PPTP RECARGA ACUIFERO<\/a><\/p>\n<p>16\/01\/2023 <a href=\"https:\/\/contratacion.almunecar.es\/wp-content\/uploads\/2023\/01\/PCAP-RECARGA-ACUIFERO.pdf\">PCAP RECARGA ACUIFERO<\/a><\/p>\n<p>16\/01\/2023 <a href=\"https:\/\/contratacion.almunecar.es\/wp-content\/uploads\/2023\/01\/CERTIFICACION-DE-GOBIERNO-APROB-E-INICIACION-RECARGA-ACUIFERO.pdf\">CERTIFICACION DE GOBIERNO APROB E INICIACION RECARGA ACUIFERO<\/a><\/p>\n<p>16\/01\/2023 <a href=\"https:\/\/contratacion.almunecar.es\/wp-content\/uploads\/2023\/01\/DOUE-ANUNCIO-LICITACI\u00d3N-RECARGA-DE-ACU\u00cdFERO.pdf\">DOUE &#8211; ANUNCIO LICITACI\u00d3N RECARGA DE ACU\u00cdFERO<\/a><\/p>\n<p>16\/01\/2023\u00a0 <a href=\"https:\/\/contratacion.almunecar.es\/wp-content\/uploads\/2023\/01\/PLACSP-ANUNCIO-DE-LICITACI\u00d3N-RECARGA-ACU\u00cdFERO.pdf\">PLACSP &#8211; ANUNCIO DE LICITACI\u00d3N RECARGA ACU\u00cdFERO<\/a><\/p>\n<p>16\/01\/2023 <a href=\"https:\/\/contratacion.almunecar.es\/wp-content\/uploads\/2023\/01\/PLACSP-DOCUMENTO-DE-PLIEGOS-RECARGA-ACU\u00cdFERO.pdf\">PLACSP &#8211; DOCUMENTO DE PLIEGOS RECARGA ACU\u00cdFERO<\/a><\/p>\n<p>Para m\u00e1s informaci\u00f3n y presentaci\u00f3n de Oferta: <a href=\"https:\/\/contrataciondelestado.es\/wps\/poc?uri=deeplink%3Adetalle_licitacion&amp;idEvl=qpGM1gKEc9kSugstABGr5A%3D%3D\">click aqu\u00ed<\/a><\/p>\n<p>27\/01\/2023 <a href=\"https:\/\/contratacion.almunecar.es\/wp-content\/uploads\/2023\/01\/CERTIFICACION-DE-GOBIERNO-ADJUDICACION-RECARGA-ACUIFERO.pdf\">CERTIFICACION DE GOBIERNO ADJUDICACION RECARGA ACUIFERO<\/a><\/p>\n<p>27\/01\/2023 <a href=\"https:\/\/contratacion.almunecar.es\/wp-content\/uploads\/2023\/01\/PLACSP-ANUNCIO-DE-ADJUDICACION-RECARGA-DEL-ACUIFERO.pdf\">PLACSP &#8211; ANUNCIO DE ADJUDICACION RECARGA DEL ACUIFERO<\/a><\/p>\n<p>06\/02\/2023 <a href=\"https:\/\/contratacion.almunecar.es\/wp-content\/uploads\/2023\/01\/DOUE-ANUNCIO-DE-FORMALIZACI\u00d3N-RECARGA-DEL-ACU\u00cdFERO.pdf\">DOUE &#8211; ANUNCIO DE FORMALIZACI\u00d3N RECARGA DEL ACU\u00cdFERO<\/a><\/p>\n<p>06\/02\/2023 <a href=\"https:\/\/contratacion.almunecar.es\/wp-content\/uploads\/2023\/01\/PLACSP-ANUNCIO-DE-FORMALIZACI\u00d3N-RECARGA-DEL-ACU\u00cdFERO.pdf\">PLACSP &#8211; ANUNCIO DE FORMALIZACI\u00d3N RECARGA DEL ACU\u00cdFERO<\/a><\/p>\n<p>&nbsp;<\/p>\n<p>&nbsp;<\/p>\n<p>&nbsp;<\/p>\n","protected":false},"excerpt":{"rendered":"<p>16\/01\/2023 INFORME NECESIDAD RECARGA ACUIFERO URGENCIA 16\/01\/2023 PPTP RECARGA ACUIFERO 16\/01\/2023 PCAP RECARGA ACUIFERO 16\/01\/2023 CERTIFICACION DE GOBIERNO APROB E INICIACION RECARGA ACUIFERO 16\/01\/2023 DOUE &#8211; ANUNCIO LICITACI\u00d3N RECARGA DE ACU\u00cdFERO 16\/01\/2023\u00a0 PLACSP &#8211; ANUNCIO DE LICITACI\u00d3N RECARGA ACU\u00cdFERO 16\/01\/2023 PLACSP &#8211; DOCUMENTO DE PLIEGOS RECARGA ACU\u00cdFERO Para m\u00e1s informaci\u00f3n y presentaci\u00f3n de Oferta: click&hellip; <br \/> <a class=\"button small blue\" href=\"https:\/\/contratacion.almunecar.es\/?p=5575\">Leer m\u00e1s<\/a><\/p>\n","protected":false},"author":5,"featured_media":0,"comment_status":"closed","ping_status":"closed","sticky":false,"template":"","format":"standard","meta":{"_acf_changed":false,"footnotes":""},"categories":[5,3,7,12,4],"tags":[],"class_list":["post-5575","post","type-post","status-publish","format-standard","hentry","category-adjudicacion_final","category-anuncio","category-formalizacion","category-formalizacion-de-contrato","category-licitacion"],"acf":[],"_links":{"self":[{"href":"https:\/\/contratacion.almunecar.es\/index.php?rest_route=\/wp\/v2\/posts\/5575","targetHints":{"allow":["GET"]}}],"collection":[{"href":"https:\/\/contratacion.almunecar.es\/index.php?rest_route=\/wp\/v2\/posts"}],"about":[{"href":"https:\/\/contratacion.almunecar.es\/index.php?rest_route=\/wp\/v2\/types\/post"}],"author":[{"embeddable":true,"href":"https:\/\/contratacion.almunecar.es\/index.php?rest_route=\/wp\/v2\/users\/5"}],"replies":[{"embeddable":true,"href":"https:\/\/contratacion.almunecar.es\/index.php?rest_route=%2Fwp%2Fv2%2Fcomments&post=5575"}],"version-history":[{"count":6,"href":"https:\/\/contratacion.almunecar.es\/index.php?rest_route=\/wp\/v2\/posts\/5575\/revisions"}],"predecessor-version":[{"id":5652,"href":"https:\/\/contratacion.almunecar.es\/index.php?rest_route=\/wp\/v2\/posts\/5575\/revisions\/5652"}],"wp:attachment":[{"href":"https:\/\/contratacion.almunecar.es\/index.php?rest_route=%2Fwp%2Fv2%2Fmedia&parent=5575"}],"wp:term":[{"taxonomy":"category","embeddable":true,"href":"https:\/\/contratacion.almunecar.es\/index.php?rest_route=%2Fwp%2Fv2%2Fcategories&post=5575"},{"taxonomy":"post_tag","embeddable":true,"href":"https:\/\/contratacion.almunecar.es\/index.php?rest_route=%2Fwp%2Fv2%2Ftags&post=5575"}],"curies":[{"name":"wp","href":"https:\/\/api.w.org\/{rel}","templated":true}]}}