{"id":5411,"date":"2022-11-08T13:48:47","date_gmt":"2022-11-08T11:48:47","guid":{"rendered":"https:\/\/contratacion.almunecar.es\/?p=5411"},"modified":"2022-11-17T09:52:52","modified_gmt":"2022-11-17T07:52:52","slug":"expte-gestiona-8457-2022-venta-con-retirada-de-750-uds-de-pilonas-de-fundicion-bolardos-retiradas-de-la-via-publica-y-sin-posibilidad-de-uso-por-el-ayuntamiento-de-almunecar","status":"publish","type":"post","link":"https:\/\/contratacion.almunecar.es\/?p=5411","title":{"rendered":"EXPTE. GESTIONA 8457\/2022: VENTA CON RETIRADA DE 750 UDS. DE PILONAS DE FUNDICI\u00d3N (BOLARDOS) RETIRADAS DE LA V\u00cdA P\u00daBLICA, Y SIN POSIBILIDAD DE USO POR EL AYUNTAMIENTO DE ALMU\u00d1\u00c9CAR."},"content":{"rendered":"<p>08\/11\/2022 <a href=\"https:\/\/contratacion.almunecar.es\/wp-content\/uploads\/2022\/11\/INFORME-VALORACI\u00d3N-VENAL-BOLARDOS-DESMONTADOS-AYTO.-ALMU\u00d1\u00c9CAR.pdf\">INFORME VALORACI\u00d3N VENAL BOLARDOS DESMONTADOS AYTO. ALMU\u00d1\u00c9CAR<\/a><\/p>\n<p>17\/11\/2022 <a href=\"https:\/\/contratacion.almunecar.es\/wp-content\/uploads\/2022\/11\/INFORME-\u00daLTIMO-VALORACI\u00d3N-VENAL-BOLARDOS-DESMONTADOS.pdf\">INFORME \u00daLTIMO VALORACI\u00d3N VENAL BOLARDOS DESMONTADOS<\/a><\/p>\n<p>&nbsp;<\/p>\n<p>&nbsp;<\/p>\n","protected":false},"excerpt":{"rendered":"<p>08\/11\/2022 INFORME VALORACI\u00d3N VENAL BOLARDOS DESMONTADOS AYTO. ALMU\u00d1\u00c9CAR 17\/11\/2022 INFORME \u00daLTIMO VALORACI\u00d3N VENAL BOLARDOS DESMONTADOS &nbsp; &nbsp;<\/p>\n","protected":false},"author":5,"featured_media":0,"comment_status":"closed","ping_status":"closed","sticky":false,"template":"","format":"standard","meta":{"_acf_changed":false,"footnotes":""},"categories":[3,10,4],"tags":[],"class_list":["post-5411","post","type-post","status-publish","format-standard","hentry","category-anuncio","category-menores","category-licitacion"],"acf":[],"_links":{"self":[{"href":"https:\/\/contratacion.almunecar.es\/index.php?rest_route=\/wp\/v2\/posts\/5411","targetHints":{"allow":["GET"]}}],"collection":[{"href":"https:\/\/contratacion.almunecar.es\/index.php?rest_route=\/wp\/v2\/posts"}],"about":[{"href":"https:\/\/contratacion.almunecar.es\/index.php?rest_route=\/wp\/v2\/types\/post"}],"author":[{"embeddable":true,"href":"https:\/\/contratacion.almunecar.es\/index.php?rest_route=\/wp\/v2\/users\/5"}],"replies":[{"embeddable":true,"href":"https:\/\/contratacion.almunecar.es\/index.php?rest_route=%2Fwp%2Fv2%2Fcomments&post=5411"}],"version-history":[{"count":3,"href":"https:\/\/contratacion.almunecar.es\/index.php?rest_route=\/wp\/v2\/posts\/5411\/revisions"}],"predecessor-version":[{"id":5430,"href":"https:\/\/contratacion.almunecar.es\/index.php?rest_route=\/wp\/v2\/posts\/5411\/revisions\/5430"}],"wp:attachment":[{"href":"https:\/\/contratacion.almunecar.es\/index.php?rest_route=%2Fwp%2Fv2%2Fmedia&parent=5411"}],"wp:term":[{"taxonomy":"category","embeddable":true,"href":"https:\/\/contratacion.almunecar.es\/index.php?rest_route=%2Fwp%2Fv2%2Fcategories&post=5411"},{"taxonomy":"post_tag","embeddable":true,"href":"https:\/\/contratacion.almunecar.es\/index.php?rest_route=%2Fwp%2Fv2%2Ftags&post=5411"}],"curies":[{"name":"wp","href":"https:\/\/api.w.org\/{rel}","templated":true}]}}