{"id":528,"date":"2018-02-22T10:22:09","date_gmt":"2018-02-22T08:22:09","guid":{"rendered":"http:\/\/contratacion.almunecar.es\/?p=528"},"modified":"2018-02-22T10:22:09","modified_gmt":"2018-02-22T08:22:09","slug":"concesion-de-uso-privativo-del-local-cafeteria-bar-en-pabellon-de-deportes-jose-maria-garcia","status":"publish","type":"post","link":"https:\/\/contratacion.almunecar.es\/?p=528","title":{"rendered":"Concesi\u00f3n de uso privativo del local  cafeteria-bar en Pabell\u00f3n de Deportes Jos\u00e9 Mar\u00eda Garc\u00eda"},"content":{"rendered":"<p><a href=\"http:\/\/contratacion.almunecar.es\/wp-content\/uploads\/2018\/02\/Expte.-185-17-Anuncio-BOP-Concesi\u00f3n-Cafeter\u00eda-Bar-en-Pabellon-Jos\u00e9-Mar\u00eda-Garc\u00eda.pdf\">Expte. 185-17 Anuncio BOP Concesi\u00f3n Cafeter\u00eda-Bar en Pabellon Jos\u00e9 Mar\u00eda Garc\u00eda<\/a><\/p>\n<p><a href=\"http:\/\/contratacion.almunecar.es\/wp-content\/uploads\/2018\/02\/PLIEGO-ADMINISTRATIVO-CONCESI\u00d3N-BAR-PABELL\u00d3N-J.M.-GARC\u00cdA.pdf\">PLIEGO ADMINISTRATIVO CONCESI\u00d3N BAR PABELL\u00d3N J.M. GARC\u00cdA<\/a><\/p>\n<p><a href=\"http:\/\/contratacion.almunecar.es\/wp-content\/uploads\/2018\/02\/PLIEGO-DE-PRESCRIPCIONES-T\u00c9CNICAS-PARA-LA-EXPLOTACI\u00d3N-CAFETERIA-BAR-PABELLON-J.M.-GARCIA.pdf\">PLIEGO DE PRESCRIPCIONES T\u00c9CNICAS PARA LA EXPLOTACI\u00d3N CAFETERIA-BAR PABELLON J.M. GARCIA<\/a><\/p>\n","protected":false},"excerpt":{"rendered":"<p>Expte. 185-17 Anuncio BOP Concesi\u00f3n Cafeter\u00eda-Bar en Pabellon Jos\u00e9 Mar\u00eda Garc\u00eda PLIEGO ADMINISTRATIVO CONCESI\u00d3N BAR PABELL\u00d3N J.M. GARC\u00cdA PLIEGO DE PRESCRIPCIONES T\u00c9CNICAS PARA LA EXPLOTACI\u00d3N CAFETERIA-BAR PABELLON J.M. GARCIA<\/p>\n","protected":false},"author":2,"featured_media":0,"comment_status":"closed","ping_status":"closed","sticky":false,"template":"","format":"standard","meta":{"_acf_changed":false,"footnotes":""},"categories":[3,4],"tags":[],"class_list":["post-528","post","type-post","status-publish","format-standard","hentry","category-anuncio","category-licitacion"],"acf":[],"_links":{"self":[{"href":"https:\/\/contratacion.almunecar.es\/index.php?rest_route=\/wp\/v2\/posts\/528","targetHints":{"allow":["GET"]}}],"collection":[{"href":"https:\/\/contratacion.almunecar.es\/index.php?rest_route=\/wp\/v2\/posts"}],"about":[{"href":"https:\/\/contratacion.almunecar.es\/index.php?rest_route=\/wp\/v2\/types\/post"}],"author":[{"embeddable":true,"href":"https:\/\/contratacion.almunecar.es\/index.php?rest_route=\/wp\/v2\/users\/2"}],"replies":[{"embeddable":true,"href":"https:\/\/contratacion.almunecar.es\/index.php?rest_route=%2Fwp%2Fv2%2Fcomments&post=528"}],"version-history":[{"count":2,"href":"https:\/\/contratacion.almunecar.es\/index.php?rest_route=\/wp\/v2\/posts\/528\/revisions"}],"predecessor-version":[{"id":533,"href":"https:\/\/contratacion.almunecar.es\/index.php?rest_route=\/wp\/v2\/posts\/528\/revisions\/533"}],"wp:attachment":[{"href":"https:\/\/contratacion.almunecar.es\/index.php?rest_route=%2Fwp%2Fv2%2Fmedia&parent=528"}],"wp:term":[{"taxonomy":"category","embeddable":true,"href":"https:\/\/contratacion.almunecar.es\/index.php?rest_route=%2Fwp%2Fv2%2Fcategories&post=528"},{"taxonomy":"post_tag","embeddable":true,"href":"https:\/\/contratacion.almunecar.es\/index.php?rest_route=%2Fwp%2Fv2%2Ftags&post=528"}],"curies":[{"name":"wp","href":"https:\/\/api.w.org\/{rel}","templated":true}]}}