{"id":5249,"date":"2022-09-02T13:46:01","date_gmt":"2022-09-02T11:46:01","guid":{"rendered":"https:\/\/contratacion.almunecar.es\/?p=5249"},"modified":"2022-11-22T13:22:50","modified_gmt":"2022-11-22T11:22:50","slug":"expte-54-2022-gest-5216-2022-servicio-de-instalacion-de-la-senalizacion-vial-horizontal-vertical-y-balizamiento-y-placas-de-vados-de-entrada-a-vehiculos-particulares-desde-la-via-publica-en-almu","status":"publish","type":"post","link":"https:\/\/contratacion.almunecar.es\/?p=5249","title":{"rendered":"EXPTE. 54\/2022 (GEST 5216\/2022): SERVICIO DE INSTALACI\u00d3N DE LA SE\u00d1ALIZACI\u00d3N VIAL HORIZONTAL, VERTICAL Y BALIZAMIENTO, Y PLACAS DE VADOS DE ENTRADA A VEH\u00cdCULOS PARTICULARES DESDE LA V\u00cdA P\u00daBLICA EN ALMU\u00d1\u00c9CAR."},"content":{"rendered":"<p>02\/09\/2022 <a href=\"https:\/\/contratacion.almunecar.es\/wp-content\/uploads\/2022\/09\/INFORME-NECESIDAD-INSTAL-SE\u00d1ALIZACI\u00d3N-VADOS-Y-OTROS.pdf\">INFORME NECESIDAD INSTAL SE\u00d1ALIZACI\u00d3N VADOS Y OTROS<\/a><\/p>\n<p>02\/09\/2022 <a href=\"https:\/\/contratacion.almunecar.es\/wp-content\/uploads\/2022\/09\/INFORME-NO-DIVISI\u00d3N-LOTES-SE\u00d1ALIZACI\u00d3N-VADOS-Y-OTROS.pdf\">INFORME NO DIVISI\u00d3N LOTES SE\u00d1ALIZACI\u00d3N VADOS Y OTROS<\/a><\/p>\n<p>02\/09\/2022 <a href=\"https:\/\/contratacion.almunecar.es\/wp-content\/uploads\/2022\/09\/PPT-INSTALACI\u00d3N-SE\u00d1ALIZACI\u00d3N-VADOS-Y-OTROS.pdf\">PPT INSTALACI\u00d3N SE\u00d1ALIZACI\u00d3N VADOS Y OTROS<\/a><\/p>\n<p>02\/09\/2022 <a href=\"https:\/\/contratacion.almunecar.es\/wp-content\/uploads\/2022\/09\/PCAP-INSTALACI\u00d3N-SE\u00d1ALIZACI\u00d3N-VADOS-Y-OTROS.pdf\">PCAP INSTALACI\u00d3N SE\u00d1ALIZACI\u00d3N VADOS Y OTROS<\/a><\/p>\n<p>02\/09\/2022 <a href=\"https:\/\/contratacion.almunecar.es\/wp-content\/uploads\/2022\/09\/CERTIFICACI\u00d3N-DE-GOBIERNO-APROBACI\u00d3N-E-INICIACI\u00d3N-EXPTE-1.pdf\">CERTIFICACI\u00d3N DE GOBIERNO &#8211; APROBACI\u00d3N E INICIACI\u00d3N EXPTE<\/a><\/p>\n<p>02\/09\/2022 <a href=\"https:\/\/contratacion.almunecar.es\/wp-content\/uploads\/2022\/09\/PLACSP-ANUNCIO-DE-LICITACI\u00d3N-SE\u00d1ALIZACI\u00d3N-VADOS-Y-OTROS.pdf\">PLACSP &#8211; ANUNCIO DE LICITACI\u00d3N SE\u00d1ALIZACI\u00d3N, VADOS Y OTROS<\/a><\/p>\n<p>02\/09\/2022 <a href=\"https:\/\/contratacion.almunecar.es\/wp-content\/uploads\/2022\/09\/PLACSP-DOCUMENTO-PLIEGOS-SE\u00d1ALIZACI\u00d3N-VADOS-Y-OTROS.pdf\">PLACSP &#8211; DOCUMENTO PLIEGOS SE\u00d1ALIZACI\u00d3N, VADOS Y OTROS<\/a><\/p>\n<p>&nbsp;<\/p>\n<p>Para m\u00e1s informaci\u00f3n y presentaci\u00f3n de Ofertas: <a href=\"https:\/\/contrataciondelestado.es\/wps\/poc?uri=deeplink%3Adetalle_licitacion&amp;idEvl=BRSadt0Vejd7h85%2Fpmmsfw%3D%3D\">click aqu\u00ed <\/a><\/p>\n<p>&nbsp;<\/p>\n<p>26\/10\/2022 <a href=\"https:\/\/contratacion.almunecar.es\/wp-content\/uploads\/2022\/09\/ACTA-MESA-DE-CONTRATACION-2022-10-11.pdf\">ACTA MESA DE CONTRATACION 2022-10-11<\/a><\/p>\n<p>26\/10\/2022 <a href=\"https:\/\/contratacion.almunecar.es\/wp-content\/uploads\/2022\/09\/PLACSP-COMUNICACION-JUSTIF-OAB-GSVIAL-MOV-Y-BALIZAMIENTO-SL.pdf\">PLACSP &#8211; COMUNICACION JUSTIF OAB GSVIAL MOV Y BALIZAMIENTO SL<\/a><\/p>\n<p>07\/11\/2022 <a href=\"https:\/\/contratacion.almunecar.es\/wp-content\/uploads\/2022\/09\/CITACION-MESA-DE-CONTRATACION-2022-11-09.pdf\">CITACION MESA DE CONTRATACION 2022-11-09<\/a><\/p>\n<p>10\/11\/2022 <a href=\"https:\/\/contratacion.almunecar.es\/wp-content\/uploads\/2022\/09\/ACTA-MESA-DE-CONTRATACION-2022-11-09.pdf\">ACTA MESA DE CONTRATACION 2022-11-09<\/a><\/p>\n<p>18\/11\/2022 <a href=\"https:\/\/contratacion.almunecar.es\/wp-content\/uploads\/2022\/09\/CERTIFICACION-DE-GOBIERNO-ADJUDICACION-SE\u00d1ALIZACION-Y-VADOS-SETYMA.pdf\">CERTIFICACION DE GOBIERNO ADJUDICACION SE\u00d1ALIZACION Y VADOS SETYMA<\/a><\/p>\n<p>18\/11\/2022 <a href=\"https:\/\/contratacion.almunecar.es\/wp-content\/uploads\/2022\/09\/PLACSP-ADJUDICACI\u00d3N-SE\u00d1ALIZACI\u00d3N-Y-VADOS-SETYMA-SA.pdf\">PLACSP &#8211; ADJUDICACI\u00d3N SE\u00d1ALIZACI\u00d3N Y VADOS SETYMA SA<\/a><\/p>\n<p>22\/11\/2022 <a href=\"https:\/\/contratacion.almunecar.es\/wp-content\/uploads\/2022\/09\/PLACSP-ANUNCIO-DE-FORMALIZACI\u00d3N-SE\u00d1ALIZACI\u00d3N-Y-PLACAS-VADOS.pdf\">PLACSP &#8211; ANUNCIO DE FORMALIZACI\u00d3N SE\u00d1ALIZACI\u00d3N Y PLACAS VADOS<\/a><\/p>\n<p>&nbsp;<\/p>\n<p>&nbsp;<\/p>\n<p>&nbsp;<\/p>\n<p>&nbsp;<\/p>\n<p>&nbsp;<\/p>\n<p>&nbsp;<\/p>\n<p>&nbsp;<\/p>\n","protected":false},"excerpt":{"rendered":"<p>02\/09\/2022 INFORME NECESIDAD INSTAL SE\u00d1ALIZACI\u00d3N VADOS Y OTROS 02\/09\/2022 INFORME NO DIVISI\u00d3N LOTES SE\u00d1ALIZACI\u00d3N VADOS Y OTROS 02\/09\/2022 PPT INSTALACI\u00d3N SE\u00d1ALIZACI\u00d3N VADOS Y OTROS 02\/09\/2022 PCAP INSTALACI\u00d3N SE\u00d1ALIZACI\u00d3N VADOS Y OTROS 02\/09\/2022 CERTIFICACI\u00d3N DE GOBIERNO &#8211; APROBACI\u00d3N E INICIACI\u00d3N EXPTE 02\/09\/2022 PLACSP &#8211; ANUNCIO DE LICITACI\u00d3N SE\u00d1ALIZACI\u00d3N, VADOS Y OTROS 02\/09\/2022 PLACSP &#8211; DOCUMENTO PLIEGOS&hellip; <br \/> <a class=\"button small blue\" href=\"https:\/\/contratacion.almunecar.es\/?p=5249\">Leer m\u00e1s<\/a><\/p>\n","protected":false},"author":5,"featured_media":0,"comment_status":"closed","ping_status":"closed","sticky":false,"template":"","format":"standard","meta":{"_acf_changed":false,"footnotes":""},"categories":[5,3,7,12,4],"tags":[],"class_list":["post-5249","post","type-post","status-publish","format-standard","hentry","category-adjudicacion_final","category-anuncio","category-formalizacion","category-formalizacion-de-contrato","category-licitacion"],"acf":[],"_links":{"self":[{"href":"https:\/\/contratacion.almunecar.es\/index.php?rest_route=\/wp\/v2\/posts\/5249","targetHints":{"allow":["GET"]}}],"collection":[{"href":"https:\/\/contratacion.almunecar.es\/index.php?rest_route=\/wp\/v2\/posts"}],"about":[{"href":"https:\/\/contratacion.almunecar.es\/index.php?rest_route=\/wp\/v2\/types\/post"}],"author":[{"embeddable":true,"href":"https:\/\/contratacion.almunecar.es\/index.php?rest_route=\/wp\/v2\/users\/5"}],"replies":[{"embeddable":true,"href":"https:\/\/contratacion.almunecar.es\/index.php?rest_route=%2Fwp%2Fv2%2Fcomments&post=5249"}],"version-history":[{"count":9,"href":"https:\/\/contratacion.almunecar.es\/index.php?rest_route=\/wp\/v2\/posts\/5249\/revisions"}],"predecessor-version":[{"id":5462,"href":"https:\/\/contratacion.almunecar.es\/index.php?rest_route=\/wp\/v2\/posts\/5249\/revisions\/5462"}],"wp:attachment":[{"href":"https:\/\/contratacion.almunecar.es\/index.php?rest_route=%2Fwp%2Fv2%2Fmedia&parent=5249"}],"wp:term":[{"taxonomy":"category","embeddable":true,"href":"https:\/\/contratacion.almunecar.es\/index.php?rest_route=%2Fwp%2Fv2%2Fcategories&post=5249"},{"taxonomy":"post_tag","embeddable":true,"href":"https:\/\/contratacion.almunecar.es\/index.php?rest_route=%2Fwp%2Fv2%2Ftags&post=5249"}],"curies":[{"name":"wp","href":"https:\/\/api.w.org\/{rel}","templated":true}]}}