{"id":5168,"date":"2022-08-10T13:23:27","date_gmt":"2022-08-10T11:23:27","guid":{"rendered":"https:\/\/contratacion.almunecar.es\/?p=5168"},"modified":"2022-11-24T14:38:14","modified_gmt":"2022-11-24T12:38:14","slug":"expte-67-2022-gest-5811-2022-talleres-ocupacionales-de-formacion-para-el-empleo-programa-empleate-2022","status":"publish","type":"post","link":"https:\/\/contratacion.almunecar.es\/?p=5168","title":{"rendered":"EXPTE. 67\/2022 (GEST 5811\/2022): TALLERES OCUPACIONALES DE FORMACI\u00d3N PARA EL EMPLEO, PROGRAMA EMPL\u00c9ATE 2022."},"content":{"rendered":"<p>10\/08\/2022 <a href=\"https:\/\/contratacion.almunecar.es\/wp-content\/uploads\/2022\/08\/INFORME-DE-NECESIDAD-PROGRAMA-EMPLEATE-2022.pdf\">INFORME DE NECESIDAD PROGRAMA EMPLEATE 2022<\/a><\/p>\n<p>10\/08\/2022 <a href=\"https:\/\/contratacion.almunecar.es\/wp-content\/uploads\/2022\/08\/INFORME-NO-DIVISION-LOTES-PROGRAMA-EMPLEATE-2022.pdf\">INFORME NO DIVISION LOTES PROGRAMA EMPLEATE 2022<\/a><\/p>\n<p>10\/08\/2022 <a href=\"https:\/\/contratacion.almunecar.es\/wp-content\/uploads\/2022\/08\/PCAP-PROGRAMA-EMPLEATE-2022.pdf\">PCAP PROGRAMA EMPLEATE 2022<\/a><\/p>\n<p>10\/08\/2022 <a href=\"https:\/\/contratacion.almunecar.es\/wp-content\/uploads\/2022\/08\/PPT-PROGRAMA-EMPLEATE-2022.pdf\">PPT PROGRAMA EMPLEATE 2022<\/a><\/p>\n<p>10\/08\/2022 <a href=\"https:\/\/contratacion.almunecar.es\/wp-content\/uploads\/2022\/08\/CERTIFICACION-DE-GOBIERNO-APROBACION-E-INICIACION-DE-EXPTE.pdf\">CERTIFICACION DE GOBIERNO APROBACION E INICIACION DE EXPTE<\/a><\/p>\n<p>10\/08\/2022 <a href=\"https:\/\/contratacion.almunecar.es\/wp-content\/uploads\/2022\/08\/PLACSP-ANUNCIO-DE-LICITACI\u00d3N.pdf\">PLACSP &#8211; ANUNCIO DE LICITACI\u00d3N<\/a><\/p>\n<p>10\/08\/2022 <a href=\"https:\/\/contratacion.almunecar.es\/wp-content\/uploads\/2022\/08\/PLACSP-DOCUMENTO-DE-PLIEGOS.pdf\">PLACSP &#8211; DOCUMENTO DE PLIEGOS<\/a><\/p>\n<p>Para m\u00e1s informaci\u00f3n y presentaci\u00f3n de Ofertas: <a href=\"https:\/\/contrataciondelestado.es\/wps\/poc?uri=deeplink%3Adetalle_licitacion&amp;idEvl=omgucZ6MLQMuf4aBO%2BvQlQ%3D%3D\">click aqu\u00ed <\/a><\/p>\n<p>26\/08\/2022 <a href=\"https:\/\/contratacion.almunecar.es\/wp-content\/uploads\/2022\/08\/CITACION-MESA-DE-CONTRATACION-2022-08-29.pdf\">CITACION MESA DE CONTRATACION 2022-08-29<\/a><\/p>\n<p>30\/08\/2022 <a href=\"https:\/\/contratacion.almunecar.es\/wp-content\/uploads\/2022\/06\/ACTA-MESA-DE-CONTRATACION-2022-08-29.pdf\">ACTA MESA DE CONTRATACION 2022 08 29<\/a><\/p>\n<p>06\/09\/2022 <a href=\"https:\/\/contratacion.almunecar.es\/wp-content\/uploads\/2022\/08\/CITACION-MESA-DE-CONTRATACION-2022-09-09.pdf\">CITACION MESA DE CONTRATACION 2022-09-09<\/a><\/p>\n<p>09\/09\/2022 <a href=\"https:\/\/contratacion.almunecar.es\/wp-content\/uploads\/2022\/08\/ACTA-MESA-DE-CONTRATACION-2022-09-09.pdf\">ACTA MESA DE CONTRATACION 2022-09-09<\/a><\/p>\n<p>19\/09\/2022 <a href=\"https:\/\/contratacion.almunecar.es\/wp-content\/uploads\/2022\/08\/CITACION-MESA-DE-CONTRATACION-2022-09-21.pdf\">CITACION MESA DE CONTRATACION 2022-09-21<\/a><\/p>\n<p>22\/09\/2022 <a href=\"https:\/\/contratacion.almunecar.es\/wp-content\/uploads\/2022\/08\/ACTA-MESA-DE-CONTRATACION-2022-09-21.pdf\">ACTA MESA DE CONTRATACION 2022-09-21<\/a><\/p>\n<p>22\/09\/2022 <a href=\"https:\/\/contratacion.almunecar.es\/wp-content\/uploads\/2022\/08\/INFORME-PUNTUACION-Y-PROPUESTA-DE-ADJUDICACION.pdf\">INFORME PUNTUACION Y PROPUESTA DE ADJUDICACION<\/a><\/p>\n<p>30\/09\/2022 <a href=\"https:\/\/contratacion.almunecar.es\/wp-content\/uploads\/2022\/08\/CERTIFICACION-DE-GOBIERNO-AJGL-REQUERIMIENTO-DOC-MARCOS-BAILON-SL.pdf\">CERTIFICACION DE GOBIERNO AJGL REQUERIMIENTO DOC MARCOS BAILON SL<\/a><\/p>\n<p>30\/09\/2022 <a href=\"https:\/\/contratacion.almunecar.es\/wp-content\/uploads\/2022\/08\/COMUNICACION-REQUERIMIENTO-DE-DOCUMENTACION-MARCOS-BAILON-SL.pdf\">COMUNICACION REQUERIMIENTO DE DOCUMENTACION MARCOS BAILON SL<\/a><\/p>\n<p>31\/10\/2022 <a href=\"https:\/\/contratacion.almunecar.es\/wp-content\/uploads\/2022\/08\/CERTIFICACION-DE-GOBIERNO-AJGL-ADJUDICACION-EMPLEATE-2022.pdf\">CERTIFICACION DE GOBIERNO AJGL ADJUDICACION EMPLEATE 2022<\/a><\/p>\n<p>31\/10\/2022 <a href=\"https:\/\/contratacion.almunecar.es\/wp-content\/uploads\/2022\/08\/PLACSP-ANUNCIO-DE-ADJUDICACI\u00d3N-EMPL\u00c9ATE-2022.pdf\">PLACSP &#8211; ANUNCIO DE ADJUDICACI\u00d3N EMPL\u00c9ATE 2022<\/a><\/p>\n<p>24\/11\/2022 <a href=\"https:\/\/contratacion.almunecar.es\/wp-content\/uploads\/2022\/08\/PLACSP-ANUNCIO-DE-FORMALIZACI\u00d3N-PROGRAMA-EMPL\u00c9ATE-2022.pdf\">PLACSP &#8211; ANUNCIO DE FORMALIZACI\u00d3N PROGRAMA EMPL\u00c9ATE 2022<\/a><\/p>\n<p>&nbsp;<\/p>\n<p>&nbsp;<\/p>\n<p>&nbsp;<\/p>\n<p>&nbsp;<\/p>\n<p>&nbsp;<\/p>\n<p>&nbsp;<\/p>\n<p>&nbsp;<\/p>\n","protected":false},"excerpt":{"rendered":"<p>10\/08\/2022 INFORME DE NECESIDAD PROGRAMA EMPLEATE 2022 10\/08\/2022 INFORME NO DIVISION LOTES PROGRAMA EMPLEATE 2022 10\/08\/2022 PCAP PROGRAMA EMPLEATE 2022 10\/08\/2022 PPT PROGRAMA EMPLEATE 2022 10\/08\/2022 CERTIFICACION DE GOBIERNO APROBACION E INICIACION DE EXPTE 10\/08\/2022 PLACSP &#8211; ANUNCIO DE LICITACI\u00d3N 10\/08\/2022 PLACSP &#8211; DOCUMENTO DE PLIEGOS Para m\u00e1s informaci\u00f3n y presentaci\u00f3n de Ofertas: click aqu\u00ed&hellip; <br \/> <a class=\"button small blue\" href=\"https:\/\/contratacion.almunecar.es\/?p=5168\">Leer m\u00e1s<\/a><\/p>\n","protected":false},"author":5,"featured_media":0,"comment_status":"closed","ping_status":"closed","sticky":false,"template":"","format":"standard","meta":{"_acf_changed":false,"footnotes":""},"categories":[5,3,7,12,4],"tags":[],"class_list":["post-5168","post","type-post","status-publish","format-standard","hentry","category-adjudicacion_final","category-anuncio","category-formalizacion","category-formalizacion-de-contrato","category-licitacion"],"acf":[],"_links":{"self":[{"href":"https:\/\/contratacion.almunecar.es\/index.php?rest_route=\/wp\/v2\/posts\/5168","targetHints":{"allow":["GET"]}}],"collection":[{"href":"https:\/\/contratacion.almunecar.es\/index.php?rest_route=\/wp\/v2\/posts"}],"about":[{"href":"https:\/\/contratacion.almunecar.es\/index.php?rest_route=\/wp\/v2\/types\/post"}],"author":[{"embeddable":true,"href":"https:\/\/contratacion.almunecar.es\/index.php?rest_route=\/wp\/v2\/users\/5"}],"replies":[{"embeddable":true,"href":"https:\/\/contratacion.almunecar.es\/index.php?rest_route=%2Fwp%2Fv2%2Fcomments&post=5168"}],"version-history":[{"count":13,"href":"https:\/\/contratacion.almunecar.es\/index.php?rest_route=\/wp\/v2\/posts\/5168\/revisions"}],"predecessor-version":[{"id":5473,"href":"https:\/\/contratacion.almunecar.es\/index.php?rest_route=\/wp\/v2\/posts\/5168\/revisions\/5473"}],"wp:attachment":[{"href":"https:\/\/contratacion.almunecar.es\/index.php?rest_route=%2Fwp%2Fv2%2Fmedia&parent=5168"}],"wp:term":[{"taxonomy":"category","embeddable":true,"href":"https:\/\/contratacion.almunecar.es\/index.php?rest_route=%2Fwp%2Fv2%2Fcategories&post=5168"},{"taxonomy":"post_tag","embeddable":true,"href":"https:\/\/contratacion.almunecar.es\/index.php?rest_route=%2Fwp%2Fv2%2Ftags&post=5168"}],"curies":[{"name":"wp","href":"https:\/\/api.w.org\/{rel}","templated":true}]}}