{"id":5121,"date":"2022-07-29T12:29:29","date_gmt":"2022-07-29T10:29:29","guid":{"rendered":"https:\/\/contratacion.almunecar.es\/?p=5121"},"modified":"2022-09-06T10:17:45","modified_gmt":"2022-09-06T08:17:45","slug":"expte-75-2022-gest-6367-2022-contrato-privado-espectaculos-musicales-fiestas-patronales-2022","status":"publish","type":"post","link":"https:\/\/contratacion.almunecar.es\/?p=5121","title":{"rendered":"EXPTE. 75\/2022 (GEST. 6367\/2022) CONTRATO PRIVADO ESPECT\u00c1CULOS MUSICALES FIESTAS PATRONALES 2022"},"content":{"rendered":"<p>29\/07\/2022 <a href=\"https:\/\/contratacion.almunecar.es\/wp-content\/uploads\/2022\/07\/INFORME-DE-NECESIDAD-ESPECT\u00c1CULO-MUSICAL.pdf\">INFORME DE NECESIDAD ESPECT\u00c1CULO MUSICAL<\/a><\/p>\n<p>29\/07\/2022 <a href=\"https:\/\/contratacion.almunecar.es\/wp-content\/uploads\/2022\/07\/INFORME-NO-DIVISI\u00d3N-LOTES-ESPECT\u00c1CULO-MUSICAL.pdf\">INFORME NO DIVISI\u00d3N LOTES ESPECT\u00c1CULO MUSICAL<\/a><\/p>\n<p>29\/07\/2022 <a href=\"https:\/\/contratacion.almunecar.es\/wp-content\/uploads\/2022\/07\/PPTP-ESPECT\u00c1CULO-MUSICAL-FIESTAS-PATRONALES.pdf\">PPTP ESPECT\u00c1CULO MUSICAL FIESTAS PATRONALES<\/a><\/p>\n<p>29\/07\/2022 <a href=\"https:\/\/contratacion.almunecar.es\/wp-content\/uploads\/2022\/07\/PCAP-ESPECT\u00c1CULO-MUSICAL-FIESTAS-PATRONALES.pdf\">PCAP ESPECT\u00c1CULO MUSICAL FIESTAS PATRONALES<\/a><\/p>\n<p>29\/07\/2022 <a href=\"https:\/\/contratacion.almunecar.es\/wp-content\/uploads\/2022\/07\/APROBACI\u00d3N-E-INICIACI\u00d3N-DEL-EXPEDIENTE.pdf\">APROBACI\u00d3N E INICIACI\u00d3N DEL EXPEDIENTE<\/a><\/p>\n<p>29\/07\/2022 <a href=\"https:\/\/contratacion.almunecar.es\/wp-content\/uploads\/2022\/07\/PLACSP-ANUNCIO-DE-LICITACI\u00d3N-1.pdf\">PLACSP &#8211; ANUNCIO DE LICITACI\u00d3N<\/a><\/p>\n<p>29\/07\/2022 <a href=\"https:\/\/contratacion.almunecar.es\/wp-content\/uploads\/2022\/07\/PLACSP-DOCUMENTO-DE-PLIEGOS-1.pdf\">PLACSP &#8211; DOCUMENTO DE PLIEGOS<\/a><\/p>\n<p>Para m\u00e1s informaci\u00f3n: <a href=\"https:\/\/contrataciondelestado.es\/wps\/poc?uri=deeplink:detalle_licitacion&amp;idEvl=T%2Bzn5l2kUgpvYnTkQN0%2FZA%3D%3D\">click aqu\u00ed<\/a><\/p>\n<p><span id=\"page6R_mcid58\" class=\"markedContent\"><span dir=\"ltr\" role=\"presentation\">Las proposiciones para participar en el procedimiento de contrataci\u00f3n deber\u00e1n prepararse<\/span><\/span><span id=\"page6R_mcid59\" class=\"markedContent\"><\/span> y presentarse <span id=\"page6R_mcid61\" class=\"markedContent\"><span dir=\"ltr\" role=\"presentation\">en la oficina del<\/span> <span dir=\"ltr\" role=\"presentation\">registro del Ayuntamiento de Almu\u00f1\u00e9car <span id=\"page6R_mcid64\" class=\"markedContent\">ya sea por correo<\/span><span id=\"page6R_mcid65\" class=\"markedContent\"><\/span><span id=\"page6R_mcid66\" class=\"markedContent\"> electr\u00f3nico o a trav\u00e9s del Perfil del contratante.<\/span><\/span><\/span><\/p>\n<p>08\/08\/2022 <a href=\"https:\/\/contratacion.almunecar.es\/wp-content\/uploads\/2022\/07\/CERTIFICADO-JGL-03-08-22-Ord-10.pdf\">CERTIFICADO JGL 03 08 22 Ord 10<\/a><\/p>\n<p>08\/08\/2022 <a href=\"https:\/\/contratacion.almunecar.es\/wp-content\/uploads\/2022\/07\/PLACSP-ANUNCIO-DE-ADJUDICACI\u00d3N.pdf\">PLACSP &#8211; ANUNCIO DE ADJUDICACI\u00d3N<\/a><\/p>\n<p>06\/09\/2022 <a href=\"https:\/\/contratacion.almunecar.es\/wp-content\/uploads\/2022\/07\/PLACSP-ANUNCIO-DE-FORMALIZACI\u00d3N-ESPECT\u00c1CULOS-MUSICALES-FIESTAS-PATRONALES-2022.pdf\">PLACSP &#8211; ANUNCIO DE FORMALIZACI\u00d3N ESPECT\u00c1CULOS MUSICALES FIESTAS PATRONALES 2022<\/a><\/p>\n<p>&nbsp;<\/p>\n","protected":false},"excerpt":{"rendered":"<p>29\/07\/2022 INFORME DE NECESIDAD ESPECT\u00c1CULO MUSICAL 29\/07\/2022 INFORME NO DIVISI\u00d3N LOTES ESPECT\u00c1CULO MUSICAL 29\/07\/2022 PPTP ESPECT\u00c1CULO MUSICAL FIESTAS PATRONALES 29\/07\/2022 PCAP ESPECT\u00c1CULO MUSICAL FIESTAS PATRONALES 29\/07\/2022 APROBACI\u00d3N E INICIACI\u00d3N DEL EXPEDIENTE 29\/07\/2022 PLACSP &#8211; ANUNCIO DE LICITACI\u00d3N 29\/07\/2022 PLACSP &#8211; DOCUMENTO DE PLIEGOS Para m\u00e1s informaci\u00f3n: click aqu\u00ed Las proposiciones para participar en el procedimiento&hellip; <br \/> <a class=\"button small blue\" href=\"https:\/\/contratacion.almunecar.es\/?p=5121\">Leer m\u00e1s<\/a><\/p>\n","protected":false},"author":5,"featured_media":0,"comment_status":"closed","ping_status":"closed","sticky":false,"template":"","format":"standard","meta":{"_acf_changed":false,"footnotes":""},"categories":[5,3,7,12,4],"tags":[],"class_list":["post-5121","post","type-post","status-publish","format-standard","hentry","category-adjudicacion_final","category-anuncio","category-formalizacion","category-formalizacion-de-contrato","category-licitacion"],"acf":[],"_links":{"self":[{"href":"https:\/\/contratacion.almunecar.es\/index.php?rest_route=\/wp\/v2\/posts\/5121","targetHints":{"allow":["GET"]}}],"collection":[{"href":"https:\/\/contratacion.almunecar.es\/index.php?rest_route=\/wp\/v2\/posts"}],"about":[{"href":"https:\/\/contratacion.almunecar.es\/index.php?rest_route=\/wp\/v2\/types\/post"}],"author":[{"embeddable":true,"href":"https:\/\/contratacion.almunecar.es\/index.php?rest_route=\/wp\/v2\/users\/5"}],"replies":[{"embeddable":true,"href":"https:\/\/contratacion.almunecar.es\/index.php?rest_route=%2Fwp%2Fv2%2Fcomments&post=5121"}],"version-history":[{"count":4,"href":"https:\/\/contratacion.almunecar.es\/index.php?rest_route=\/wp\/v2\/posts\/5121\/revisions"}],"predecessor-version":[{"id":5266,"href":"https:\/\/contratacion.almunecar.es\/index.php?rest_route=\/wp\/v2\/posts\/5121\/revisions\/5266"}],"wp:attachment":[{"href":"https:\/\/contratacion.almunecar.es\/index.php?rest_route=%2Fwp%2Fv2%2Fmedia&parent=5121"}],"wp:term":[{"taxonomy":"category","embeddable":true,"href":"https:\/\/contratacion.almunecar.es\/index.php?rest_route=%2Fwp%2Fv2%2Fcategories&post=5121"},{"taxonomy":"post_tag","embeddable":true,"href":"https:\/\/contratacion.almunecar.es\/index.php?rest_route=%2Fwp%2Fv2%2Ftags&post=5121"}],"curies":[{"name":"wp","href":"https:\/\/api.w.org\/{rel}","templated":true}]}}