{"id":4958,"date":"2022-06-22T14:04:38","date_gmt":"2022-06-22T12:04:38","guid":{"rendered":"https:\/\/contratacion.almunecar.es\/?p=4958"},"modified":"2022-08-30T13:05:40","modified_gmt":"2022-08-30T11:05:40","slug":"expte-55-2022-gest-5172-2022-concesion-administrativa-demanial-para-la-explotacion-del-quiosco-de-golosinas-y-refrescos-sito-en-avda-costa-del-sol-en-almunecar","status":"publish","type":"post","link":"https:\/\/contratacion.almunecar.es\/?p=4958","title":{"rendered":"EXPTE. 55\/2022 (GEST. 5172\/2022) CONCESI\u00d3N ADMINISTRATIVA DEMANIAL PARA LA EXPLOTACI\u00d3N DEL QUIOSCO DE GOLOSINAS Y REFRESCOS SITO EN AVDA. COSTA DEL SOL, EN ALMU\u00d1\u00c9CAR."},"content":{"rendered":"<p>22\/06\/2022 <a href=\"https:\/\/contratacion.almunecar.es\/wp-content\/uploads\/2022\/06\/INFORME-NECESIDAD-E-IDONEIDAD-CONCESION-DEMANIAL-QUIOSCO-AVENIDA-COSTA-DEL-SOL.pdf\">INFORME NECESIDAD E IDONEIDAD CONCESION DEMANIAL QUIOSCO AVENIDA COSTA DEL SOL<\/a><\/p>\n<p>22\/06\/2022 <a href=\"https:\/\/contratacion.almunecar.es\/wp-content\/uploads\/2022\/06\/PLIEGO-ADMINISTRATIVO-CONCESION-QUIOSCO-AVENIDA-COSTA-DEL-SOL.pdf\">PLIEGO ADMINISTRATIVO CONCESION QUIOSCO AVENIDA COSTA DEL SOL<\/a><\/p>\n<p>22\/06\/2022 <a href=\"https:\/\/contratacion.almunecar.es\/wp-content\/uploads\/2022\/06\/PLIEGO-TECNICO-QUIOSCO-PLAZA-AVENIDA-COSTA-DEL-SOL.pdf\">PLIEGO TECNICO QUIOSCO PLAZA AVENIDA COSTA DEL SOL<\/a><\/p>\n<p>22\/06\/2022 <a href=\"https:\/\/contratacion.almunecar.es\/wp-content\/uploads\/2022\/06\/PLACSP-ANUNCIO-DE-LICITACI\u00d3N-4.pdf\">PLACSP &#8211; ANUNCIO DE LICITACI\u00d3N<\/a><\/p>\n<p>22\/06\/2022 <a href=\"https:\/\/contratacion.almunecar.es\/wp-content\/uploads\/2022\/06\/PLACSP-DOCUMENTO-DE-PLIEGOS-2.pdf\">PLACSP &#8211; DOCUMENTO DE PLIEGOS<\/a><\/p>\n<p>&nbsp;<\/p>\n<p>Para m\u00e1s informaci\u00f3n y presentaci\u00f3n de ofertas: <a href=\"https:\/\/contrataciondelestado.es\/wps\/poc?uri=deeplink:detalle_licitacion&amp;idEvl=xrbowQMGZk%2BiEJrVRqloyA%3D%3D\">click aqu\u00ed<\/a><\/p>\n<p>&nbsp;<\/p>\n<p>27\/06\/2022 <a href=\"https:\/\/contratacion.almunecar.es\/wp-content\/uploads\/2022\/06\/DECRETO-RECTIFICACION-PCAP-CONCESION-QUIOSCO-AVD-COSTA-DEL-SOL.pdf\">DECRETO RECTIFICACION PCAP CONCESION QUIOSCO AVD COSTA DEL SOL<\/a><\/p>\n<p>24\/08\/2022 <a href=\"https:\/\/contratacion.almunecar.es\/wp-content\/uploads\/2022\/06\/CITACION-MESA-DE-CONTRATACION-2022-08-29.pdf\">CITACION MESA DE CONTRATACION 2022-08-29<\/a><\/p>\n<p>30\/08\/2022 <a href=\"https:\/\/contratacion.almunecar.es\/wp-content\/uploads\/2022\/06\/ACTA-MESA-DE-CONTRATACION-2022-08-29.pdf\">ACTA MESA DE CONTRATACION 2022 08 29<\/a><\/p>\n<p>&nbsp;<\/p>\n<p>&nbsp;<\/p>\n","protected":false},"excerpt":{"rendered":"<p>22\/06\/2022 INFORME NECESIDAD E IDONEIDAD CONCESION DEMANIAL QUIOSCO AVENIDA COSTA DEL SOL 22\/06\/2022 PLIEGO ADMINISTRATIVO CONCESION QUIOSCO AVENIDA COSTA DEL SOL 22\/06\/2022 PLIEGO TECNICO QUIOSCO PLAZA AVENIDA COSTA DEL SOL 22\/06\/2022 PLACSP &#8211; ANUNCIO DE LICITACI\u00d3N 22\/06\/2022 PLACSP &#8211; DOCUMENTO DE PLIEGOS &nbsp; Para m\u00e1s informaci\u00f3n y presentaci\u00f3n de ofertas: click aqu\u00ed &nbsp; 27\/06\/2022 DECRETO&hellip; <br \/> <a class=\"button small blue\" href=\"https:\/\/contratacion.almunecar.es\/?p=4958\">Leer m\u00e1s<\/a><\/p>\n","protected":false},"author":5,"featured_media":0,"comment_status":"closed","ping_status":"closed","sticky":false,"template":"","format":"standard","meta":{"_acf_changed":false,"footnotes":""},"categories":[3,4],"tags":[],"class_list":["post-4958","post","type-post","status-publish","format-standard","hentry","category-anuncio","category-licitacion"],"acf":[],"_links":{"self":[{"href":"https:\/\/contratacion.almunecar.es\/index.php?rest_route=\/wp\/v2\/posts\/4958","targetHints":{"allow":["GET"]}}],"collection":[{"href":"https:\/\/contratacion.almunecar.es\/index.php?rest_route=\/wp\/v2\/posts"}],"about":[{"href":"https:\/\/contratacion.almunecar.es\/index.php?rest_route=\/wp\/v2\/types\/post"}],"author":[{"embeddable":true,"href":"https:\/\/contratacion.almunecar.es\/index.php?rest_route=\/wp\/v2\/users\/5"}],"replies":[{"embeddable":true,"href":"https:\/\/contratacion.almunecar.es\/index.php?rest_route=%2Fwp%2Fv2%2Fcomments&post=4958"}],"version-history":[{"count":8,"href":"https:\/\/contratacion.almunecar.es\/index.php?rest_route=\/wp\/v2\/posts\/4958\/revisions"}],"predecessor-version":[{"id":5239,"href":"https:\/\/contratacion.almunecar.es\/index.php?rest_route=\/wp\/v2\/posts\/4958\/revisions\/5239"}],"wp:attachment":[{"href":"https:\/\/contratacion.almunecar.es\/index.php?rest_route=%2Fwp%2Fv2%2Fmedia&parent=4958"}],"wp:term":[{"taxonomy":"category","embeddable":true,"href":"https:\/\/contratacion.almunecar.es\/index.php?rest_route=%2Fwp%2Fv2%2Fcategories&post=4958"},{"taxonomy":"post_tag","embeddable":true,"href":"https:\/\/contratacion.almunecar.es\/index.php?rest_route=%2Fwp%2Fv2%2Ftags&post=4958"}],"curies":[{"name":"wp","href":"https:\/\/api.w.org\/{rel}","templated":true}]}}