{"id":4914,"date":"2022-06-09T08:34:34","date_gmt":"2022-06-09T06:34:34","guid":{"rendered":"https:\/\/contratacion.almunecar.es\/?p=4914"},"modified":"2022-08-30T09:12:01","modified_gmt":"2022-08-30T07:12:01","slug":"expte-45-2022-gest-4566-2022-obras-de-ejecucion-de-instalacion-de-autoconsumo-y-acs-en-edf-municipal-centro-de-servicios-sociales-de-almunecar","status":"publish","type":"post","link":"https:\/\/contratacion.almunecar.es\/?p=4914","title":{"rendered":"EXPTE. 45\/2022 (GEST. 4566\/2022): OBRAS DE EJECUCI\u00d3N DE INSTALACI\u00d3N DE AUTOCONSUMO Y ACS EN EDF. MUNICIPAL CENTRO DE SERVICIOS SOCIALES DE ALMU\u00d1\u00c9CAR"},"content":{"rendered":"<p>09\/06\/2022 <a href=\"https:\/\/contratacion.almunecar.es\/wp-content\/uploads\/2022\/06\/IM-Ejec-Inst-autoconsumo-Serv.-Sociales-exp4566-22.pdf\">IM Ejec Inst autoconsumo Serv. Sociales exp4566 -22<\/a><\/p>\n<p>09\/06\/2022 <a href=\"https:\/\/contratacion.almunecar.es\/wp-content\/uploads\/2022\/06\/PROYECTO-ASUNTOS-SOCIALES-ALMU\u00d1ECAR-FV-ST_Rev01.pdf\">PROYECTO ASUNTOS SOCIALES ALMU\u00d1ECAR FV ST_Rev01<\/a><\/p>\n<p>30\/08\/2022 <a href=\"https:\/\/contratacion.almunecar.es\/wp-content\/uploads\/2022\/06\/DECRETO-2022-3054-R.A.EXPTE_.-45-2022-GEST-4566-2022-OBRAS-DE-INSTAL.-DE-AUTOC-Y-ACS-.pdf\">DECRETO 2022-3054 [R.A.EXPTE. 45-2022 (GEST 4566-2022) OBRAS DE INSTAL. DE AUTOC Y ACS<\/a><\/p>\n","protected":false},"excerpt":{"rendered":"<p>09\/06\/2022 IM Ejec Inst autoconsumo Serv. Sociales exp4566 -22 09\/06\/2022 PROYECTO ASUNTOS SOCIALES ALMU\u00d1ECAR FV ST_Rev01 30\/08\/2022 DECRETO 2022-3054 [R.A.EXPTE. 45-2022 (GEST 4566-2022) OBRAS DE INSTAL. DE AUTOC Y ACS<\/p>\n","protected":false},"author":5,"featured_media":0,"comment_status":"closed","ping_status":"closed","sticky":false,"template":"","format":"standard","meta":{"_acf_changed":false,"footnotes":""},"categories":[5,3,10],"tags":[],"class_list":["post-4914","post","type-post","status-publish","format-standard","hentry","category-adjudicacion_final","category-anuncio","category-menores"],"acf":[],"_links":{"self":[{"href":"https:\/\/contratacion.almunecar.es\/index.php?rest_route=\/wp\/v2\/posts\/4914","targetHints":{"allow":["GET"]}}],"collection":[{"href":"https:\/\/contratacion.almunecar.es\/index.php?rest_route=\/wp\/v2\/posts"}],"about":[{"href":"https:\/\/contratacion.almunecar.es\/index.php?rest_route=\/wp\/v2\/types\/post"}],"author":[{"embeddable":true,"href":"https:\/\/contratacion.almunecar.es\/index.php?rest_route=\/wp\/v2\/users\/5"}],"replies":[{"embeddable":true,"href":"https:\/\/contratacion.almunecar.es\/index.php?rest_route=%2Fwp%2Fv2%2Fcomments&post=4914"}],"version-history":[{"count":3,"href":"https:\/\/contratacion.almunecar.es\/index.php?rest_route=\/wp\/v2\/posts\/4914\/revisions"}],"predecessor-version":[{"id":5220,"href":"https:\/\/contratacion.almunecar.es\/index.php?rest_route=\/wp\/v2\/posts\/4914\/revisions\/5220"}],"wp:attachment":[{"href":"https:\/\/contratacion.almunecar.es\/index.php?rest_route=%2Fwp%2Fv2%2Fmedia&parent=4914"}],"wp:term":[{"taxonomy":"category","embeddable":true,"href":"https:\/\/contratacion.almunecar.es\/index.php?rest_route=%2Fwp%2Fv2%2Fcategories&post=4914"},{"taxonomy":"post_tag","embeddable":true,"href":"https:\/\/contratacion.almunecar.es\/index.php?rest_route=%2Fwp%2Fv2%2Ftags&post=4914"}],"curies":[{"name":"wp","href":"https:\/\/api.w.org\/{rel}","templated":true}]}}