{"id":4853,"date":"2022-05-17T13:02:12","date_gmt":"2022-05-17T11:02:12","guid":{"rendered":"https:\/\/contratacion.almunecar.es\/?p=4853"},"modified":"2022-06-13T13:42:53","modified_gmt":"2022-06-13T11:42:53","slug":"expte-35-2022-gest-4033-2022-obras-de-ejecucion-de-instalacion-de-autoconsumo-y-acs-en-edf-municipal-colegio-publico-san-miguel-de-almunecar","status":"publish","type":"post","link":"https:\/\/contratacion.almunecar.es\/?p=4853","title":{"rendered":"EXPTE. 35\/2022 (GEST 4033\/2022): OBRAS DE EJECUCI\u00d3N DE INSTALACI\u00d3N DE AUTOCONSUMO Y ACS EN EDF. MUNICIPAL COLEGIO P\u00daBLICO SAN MIGUEL DE ALMU\u00d1\u00c9CAR"},"content":{"rendered":"<p>17\/05\/2022 <a href=\"https:\/\/contratacion.almunecar.es\/wp-content\/uploads\/2022\/05\/IM-Ejec-Inst-autoconsumo-Colegio-SAn-Miguel-exp-4033-22.pdf\">IM Ejec Inst autoconsumo Colegio SAn Miguel exp 4033-22<\/a><\/p>\n<p>17\/05\/2022 <a href=\"https:\/\/contratacion.almunecar.es\/wp-content\/uploads\/2022\/05\/PROYECTO-COLEGIO-SAN-MIGUEL-DE-ALMU\u00d1ECAR-FV-ST_Rev01.pdf\">PROYECTO COLEGIO SAN MIGUEL DE ALMU\u00d1ECAR FV ST_Rev01<\/a><\/p>\n<p>13\/06\/2022 <a href=\"https:\/\/contratacion.almunecar.es\/wp-content\/uploads\/2022\/05\/DECRETO-2022-2075-R.A.-Expte.-35-2022-GEST-4033-2022-EJEC-INST-AUTOCONSUMO-Y-ACS-EN-CEIP-S.-MIGUEL.pdf\">DECRETO 2022-2075 [R.A. Expte. 35-2022 (GEST 4033-2022) EJEC INST AUTOCONSUMO Y ACS EN CEIP S. MIGUEL]<\/a><\/p>\n","protected":false},"excerpt":{"rendered":"<p>17\/05\/2022 IM Ejec Inst autoconsumo Colegio SAn Miguel exp 4033-22 17\/05\/2022 PROYECTO COLEGIO SAN MIGUEL DE ALMU\u00d1ECAR FV ST_Rev01 13\/06\/2022 DECRETO 2022-2075 [R.A. Expte. 35-2022 (GEST 4033-2022) EJEC INST AUTOCONSUMO Y ACS EN CEIP S. MIGUEL]<\/p>\n","protected":false},"author":5,"featured_media":0,"comment_status":"closed","ping_status":"closed","sticky":false,"template":"","format":"standard","meta":{"_acf_changed":false,"footnotes":""},"categories":[5,3,10],"tags":[],"class_list":["post-4853","post","type-post","status-publish","format-standard","hentry","category-adjudicacion_final","category-anuncio","category-menores"],"acf":[],"_links":{"self":[{"href":"https:\/\/contratacion.almunecar.es\/index.php?rest_route=\/wp\/v2\/posts\/4853","targetHints":{"allow":["GET"]}}],"collection":[{"href":"https:\/\/contratacion.almunecar.es\/index.php?rest_route=\/wp\/v2\/posts"}],"about":[{"href":"https:\/\/contratacion.almunecar.es\/index.php?rest_route=\/wp\/v2\/types\/post"}],"author":[{"embeddable":true,"href":"https:\/\/contratacion.almunecar.es\/index.php?rest_route=\/wp\/v2\/users\/5"}],"replies":[{"embeddable":true,"href":"https:\/\/contratacion.almunecar.es\/index.php?rest_route=%2Fwp%2Fv2%2Fcomments&post=4853"}],"version-history":[{"count":3,"href":"https:\/\/contratacion.almunecar.es\/index.php?rest_route=\/wp\/v2\/posts\/4853\/revisions"}],"predecessor-version":[{"id":4930,"href":"https:\/\/contratacion.almunecar.es\/index.php?rest_route=\/wp\/v2\/posts\/4853\/revisions\/4930"}],"wp:attachment":[{"href":"https:\/\/contratacion.almunecar.es\/index.php?rest_route=%2Fwp%2Fv2%2Fmedia&parent=4853"}],"wp:term":[{"taxonomy":"category","embeddable":true,"href":"https:\/\/contratacion.almunecar.es\/index.php?rest_route=%2Fwp%2Fv2%2Fcategories&post=4853"},{"taxonomy":"post_tag","embeddable":true,"href":"https:\/\/contratacion.almunecar.es\/index.php?rest_route=%2Fwp%2Fv2%2Ftags&post=4853"}],"curies":[{"name":"wp","href":"https:\/\/api.w.org\/{rel}","templated":true}]}}