{"id":4811,"date":"2022-04-12T09:58:48","date_gmt":"2022-04-12T07:58:48","guid":{"rendered":"https:\/\/contratacion.almunecar.es\/?p=4811"},"modified":"2023-01-17T15:35:20","modified_gmt":"2023-01-17T13:35:20","slug":"expte-27-2022-gest-12069-2021-arrendamiento-de-un-bien-inmueble-idoneo-para-la-implantacion-de-un-centro-de-dia-para-personas-en-situacion-de-dependencia-talleres-para-mayores-y-o-dependientes-y","status":"publish","type":"post","link":"https:\/\/contratacion.almunecar.es\/?p=4811","title":{"rendered":"EXPTE. 27\/2022 (GEST 12069\/2021): ARRENDAMIENTO DE UN BIEN INMUEBLE ID\u00d3NEO PARA LA IMPLANTACI\u00d3N DE UN CENTRO DE D\u00cdA PARA PERSONAS EN SITUACI\u00d3N DE DEPENDENCIA, TALLERES PARA MAYORES Y\/O DEPENDIENTES Y OTRAS NECESIDADES DE INFRAESTRUCTURA DE COLECTIVOS VULNERABLES, EN EL MUNICIPIO DE ALMU\u00d1\u00c9CAR."},"content":{"rendered":"<p>12\/04\/2022 <a href=\"https:\/\/contratacion.almunecar.es\/wp-content\/uploads\/2022\/04\/INFORME-NECESIDAD-ARRENDAMIENTO-LOCAL-CENTRO-DE-D\u00cdA.pdf\">INFORME NECESIDAD ARRENDAMIENTO LOCAL CENTRO DE D\u00cdA<\/a><\/p>\n<p>12\/04\/2022 <a href=\"https:\/\/contratacion.almunecar.es\/wp-content\/uploads\/2022\/04\/PLIEGO-TECNICO-Y-ADMINISTRATIVO-ARRENDAMIENTO-CENTRO-DE-D\u00cdA.pdf\">PLIEGO TECNICO Y ADMINISTRATIVO ARRENDAMIENTO CENTRO DE D\u00cdA<\/a><\/p>\n<p>12\/04\/2022 <a href=\"https:\/\/contratacion.almunecar.es\/wp-content\/uploads\/2022\/04\/CERTIFICACI\u00d3N-DE-GOBIERNO-APROBACI\u00d3N-E-INICIACI\u00d3N-DEL-EXPTE-CENTRO-DE-D\u00cdA.pdf\">CERTIFICACI\u00d3N DE GOBIERNO APROBACI\u00d3N E INICIACI\u00d3N DEL EXPTE CENTRO DE D\u00cdA<\/a><\/p>\n<p>12\/04\/2022 <a href=\"https:\/\/contratacion.almunecar.es\/wp-content\/uploads\/2022\/04\/PLACSP-ANUNCIO-DE-LICITACI\u00d3N-1.pdf\">PLACSP &#8211; ANUNCIO DE LICITACI\u00d3N<\/a><\/p>\n<p>12\/04\/2022 <a href=\"https:\/\/contratacion.almunecar.es\/wp-content\/uploads\/2022\/04\/PLACSP-DOCUMENTO-DE-PLIEGOS-1.pdf\">PLACSP &#8211; DOCUMENTO DE PLIEGOS<\/a><\/p>\n<p>Para m\u00e1s informaci\u00f3n y presentaci\u00f3n de Ofertas: <a href=\"https:\/\/contrataciondelestado.es\/wps\/poc?uri=deeplink%3Adetalle_licitacion&amp;idEvl=tGKWtCnZhtiiEJrVRqloyA%3D%3D\">click aqu\u00ed <\/a><\/p>\n<p>09\/05\/2022 <a href=\"https:\/\/contratacion.almunecar.es\/wp-content\/uploads\/2022\/04\/CITACION-MESA-DE-CONTRATACION-2022-05-12.pdf\">CITACION MESA DE CONTRATACION 2022-05-12<\/a><\/p>\n<p>16\/05\/2022 <a href=\"https:\/\/contratacion.almunecar.es\/wp-content\/uploads\/2022\/04\/ACTA-MESA-DE-CONTRATACION-2022-05-12.pdf\">ACTA MESA DE CONTRATACION 2022-05-12<\/a><\/p>\n<p>20\/07\/2022 <a href=\"https:\/\/contratacion.almunecar.es\/wp-content\/uploads\/2022\/04\/CERTIFICADO-JGL-13-07-22-ORD-8.pdf\">CERTIFICADO JGL 13 07 22 ORD 8<\/a><\/p>\n<p>20\/07\/2022 <a href=\"https:\/\/contratacion.almunecar.es\/wp-content\/uploads\/2022\/04\/PLACSP-ANUNCIO-DE-ADJUDICACI\u00d3N.pdf\">PLACSP &#8211; ANUNCIO DE ADJUDICACI\u00d3N<\/a><\/p>\n<p>17\/01\/2023 <a href=\"https:\/\/contratacion.almunecar.es\/wp-content\/uploads\/2022\/04\/PLACSP-ANUNCIO-DE-FORMALIZACI\u00d3N-ARRENDAMIENTO-INMUEBLE-CENTRO-DE-D\u00cdA.pdf\">PLACSP &#8211; ANUNCIO DE FORMALIZACI\u00d3N ARRENDAMIENTO INMUEBLE CENTRO DE D\u00cdA<\/a><\/p>\n<p>&nbsp;<\/p>\n<p>&nbsp;<\/p>\n<p>&nbsp;<\/p>\n","protected":false},"excerpt":{"rendered":"<p>12\/04\/2022 INFORME NECESIDAD ARRENDAMIENTO LOCAL CENTRO DE D\u00cdA 12\/04\/2022 PLIEGO TECNICO Y ADMINISTRATIVO ARRENDAMIENTO CENTRO DE D\u00cdA 12\/04\/2022 CERTIFICACI\u00d3N DE GOBIERNO APROBACI\u00d3N E INICIACI\u00d3N DEL EXPTE CENTRO DE D\u00cdA 12\/04\/2022 PLACSP &#8211; ANUNCIO DE LICITACI\u00d3N 12\/04\/2022 PLACSP &#8211; DOCUMENTO DE PLIEGOS Para m\u00e1s informaci\u00f3n y presentaci\u00f3n de Ofertas: click aqu\u00ed 09\/05\/2022 CITACION MESA DE CONTRATACION&hellip; <br \/> <a class=\"button small blue\" href=\"https:\/\/contratacion.almunecar.es\/?p=4811\">Leer m\u00e1s<\/a><\/p>\n","protected":false},"author":5,"featured_media":0,"comment_status":"closed","ping_status":"closed","sticky":false,"template":"","format":"standard","meta":{"_acf_changed":false,"footnotes":""},"categories":[5,3,7,4],"tags":[],"class_list":["post-4811","post","type-post","status-publish","format-standard","hentry","category-adjudicacion_final","category-anuncio","category-formalizacion","category-licitacion"],"acf":[],"_links":{"self":[{"href":"https:\/\/contratacion.almunecar.es\/index.php?rest_route=\/wp\/v2\/posts\/4811","targetHints":{"allow":["GET"]}}],"collection":[{"href":"https:\/\/contratacion.almunecar.es\/index.php?rest_route=\/wp\/v2\/posts"}],"about":[{"href":"https:\/\/contratacion.almunecar.es\/index.php?rest_route=\/wp\/v2\/types\/post"}],"author":[{"embeddable":true,"href":"https:\/\/contratacion.almunecar.es\/index.php?rest_route=\/wp\/v2\/users\/5"}],"replies":[{"embeddable":true,"href":"https:\/\/contratacion.almunecar.es\/index.php?rest_route=%2Fwp%2Fv2%2Fcomments&post=4811"}],"version-history":[{"count":7,"href":"https:\/\/contratacion.almunecar.es\/index.php?rest_route=\/wp\/v2\/posts\/4811\/revisions"}],"predecessor-version":[{"id":5605,"href":"https:\/\/contratacion.almunecar.es\/index.php?rest_route=\/wp\/v2\/posts\/4811\/revisions\/5605"}],"wp:attachment":[{"href":"https:\/\/contratacion.almunecar.es\/index.php?rest_route=%2Fwp%2Fv2%2Fmedia&parent=4811"}],"wp:term":[{"taxonomy":"category","embeddable":true,"href":"https:\/\/contratacion.almunecar.es\/index.php?rest_route=%2Fwp%2Fv2%2Fcategories&post=4811"},{"taxonomy":"post_tag","embeddable":true,"href":"https:\/\/contratacion.almunecar.es\/index.php?rest_route=%2Fwp%2Fv2%2Ftags&post=4811"}],"curies":[{"name":"wp","href":"https:\/\/api.w.org\/{rel}","templated":true}]}}