{"id":4789,"date":"2022-04-04T13:25:27","date_gmt":"2022-04-04T11:25:27","guid":{"rendered":"https:\/\/contratacion.almunecar.es\/?p=4789"},"modified":"2022-09-08T08:44:41","modified_gmt":"2022-09-08T06:44:41","slug":"expte-114-2021-gest-12202-2021-suministro-de-energia-electrica-municipal-del-ayuntamiento-de-almunecar","status":"publish","type":"post","link":"https:\/\/contratacion.almunecar.es\/?p=4789","title":{"rendered":"EXPTE. 114\/2021 (GEST. 12202\/2021): SUMINISTRO DE ENERG\u00cdA EL\u00c9CTRICA MUNICIPAL DEL AYUNTAMIENTO DE ALMU\u00d1\u00c9CAR."},"content":{"rendered":"<p>04\/04\/2022 <a href=\"https:\/\/contratacion.almunecar.es\/wp-content\/uploads\/2022\/04\/INFORME-DE-NECESIDAD-SUMINISTRO-DE-ENERG\u00cdA-EL\u00c9CTRICA.pdf\">INFORME DE NECESIDAD SUMINISTRO DE ENERG\u00cdA EL\u00c9CTRICA<\/a><\/p>\n<p>04\/04\/2022 <a href=\"https:\/\/contratacion.almunecar.es\/wp-content\/uploads\/2022\/04\/INFORME-DE-NO-DIVISI\u00d3N-EN-LOTES-SUMINISTRO-DE-ENERG\u00cdA-EL\u00c9CTRICA.pdf\">INFORME DE NO DIVISI\u00d3N EN LOTES SUMINISTRO DE ENERG\u00cdA EL\u00c9CTRICA<\/a><\/p>\n<p>04\/04\/2022 <a href=\"https:\/\/contratacion.almunecar.es\/wp-content\/uploads\/2022\/04\/PPT-SUMINISTRO-DE-ENERG\u00cdA-EL\u00c9CTRICA.pdf\">PPT SUMINISTRO DE ENERG\u00cdA EL\u00c9CTRICA<\/a><\/p>\n<p>04\/04\/2022 <a href=\"https:\/\/contratacion.almunecar.es\/wp-content\/uploads\/2022\/04\/PCAP-SUMINISTRO-DE-ENERG\u00cdA-EL\u00c9CTRICA.pdf\">PCAP SUMINISTRO DE ENERG\u00cdA EL\u00c9CTRICA<\/a><\/p>\n<p>04\/04\/2022 <a href=\"https:\/\/contratacion.almunecar.es\/wp-content\/uploads\/2022\/04\/TABLAS-ANEXAS-AL-PPT-SUMINISTRO-DE-ENERG\u00cdA-EL\u00c9CTRICA.pdf\">TABLAS ANEXAS AL PPT SUMINISTRO DE ENERG\u00cdA EL\u00c9CTRICA<\/a><\/p>\n<p>04\/04\/2022 <a href=\"https:\/\/contratacion.almunecar.es\/wp-content\/uploads\/2022\/04\/CERTIFICACI\u00d3N-DE-GOBIERNO-APROBACI\u00d3N-E-INICIACI\u00d3N-DEL-EXPTE..pdf\">CERTIFICACI\u00d3N DE GOBIERNO APROBACI\u00d3N E INICIACI\u00d3N DEL EXPTE.<\/a><\/p>\n<p>04\/04\/2022 <a href=\"https:\/\/contratacion.almunecar.es\/wp-content\/uploads\/2022\/04\/DOUE-ENV\u00cdO-ANUNCIO-DE-LICITACI\u00d3N-SUMINISTRO-DE-ENERG\u00cdA-EL\u00c9CTRICA.pdf\">DOUE &#8211; ENV\u00cdO ANUNCIO DE LICITACI\u00d3N SUMINISTRO DE ENERG\u00cdA EL\u00c9CTRICA<\/a><\/p>\n<p>04\/04\/2022 <a href=\"https:\/\/contratacion.almunecar.es\/wp-content\/uploads\/2022\/04\/PLACSP-ANUNCIO-LICITACI\u00d3N-SUMINISTRO-DE-ENERG\u00cdA-EL\u00c9CTRICA.pdf\">PLACSP &#8211; ANUNCIO LICITACI\u00d3N SUMINISTRO DE ENERG\u00cdA EL\u00c9CTRICA<\/a><\/p>\n<p>04\/04\/2022 <a href=\"https:\/\/contratacion.almunecar.es\/wp-content\/uploads\/2022\/04\/PLACSP-DOCUMENTO-DE-PLIEGOS-SUMINISTRO-DE-ENERG\u00cdA-EL\u00c9CTRICA.pdf\">PLACSP &#8211; DOCUMENTO DE PLIEGOS SUMINISTRO DE ENERG\u00cdA EL\u00c9CTRICA<\/a><\/p>\n<p>Para m\u00e1s informaci\u00f3n y presentaci\u00f3n de Ofertas: <a href=\"https:\/\/contrataciondelestado.es\/wps\/poc?uri=deeplink%3Adetalle_licitacion&amp;idEvl=uUc%2F5Q7rcHuiEJrVRqloyA%3D%3D\">click aqu\u00ed <\/a><\/p>\n<p>19\/05\/2022 <a href=\"https:\/\/contratacion.almunecar.es\/wp-content\/uploads\/2022\/04\/CITACION-MESA-DE-CONTRATACION-2022-05-24.pdf\">CITACION MESA DE CONTRATACION 2022-05-24<\/a><\/p>\n<p>06\/06\/2022 <a href=\"https:\/\/contratacion.almunecar.es\/wp-content\/uploads\/2022\/04\/ACTA-MESA-DE-CONTRATACION-2022-05-24.pdf\">ACTA MESA DE CONTRATACION 2022-05-24<\/a><\/p>\n<p>26\/07\/022 <a href=\"https:\/\/contratacion.almunecar.es\/wp-content\/uploads\/2022\/04\/CITACION-MESA-DE-CONTRATACION-2022-07-29.pdf\">CITACION MESA DE CONTRATACION 2022-07-29<\/a><\/p>\n<p>16\/08\/2022 <a href=\"https:\/\/contratacion.almunecar.es\/wp-content\/uploads\/2022\/06\/ACTA-MESA-DE-CONTRATACION-2022-07-29.pdf\">ACTA MESA DE CONTRATACION 2022-07-29<\/a><\/p>\n<p>08\/09\/2022 <a href=\"https:\/\/contratacion.almunecar.es\/wp-content\/uploads\/2022\/04\/CERTIFICACION-DE-GOBIERNO-DECLAR-DESIERTO-SUM-ENERGIA-ELECTRICA.pdf\">CERTIFICACION DE GOBIERNO &#8211; DECLAR DESIERTO SUM ENERGIA ELECTRICA<\/a><\/p>\n<p>08\/09\/2022 <a href=\"https:\/\/contratacion.almunecar.es\/wp-content\/uploads\/2022\/04\/PLACSP-ANUNCIO-DECLARACI\u00d3N-DESIERTO-SUM.-ENERG\u00cdA-EL\u00c9CTRICA.pdf\">PLACSP &#8211; ANUNCIO DECLARACI\u00d3N DESIERTO SUM. ENERG\u00cdA EL\u00c9CTRICA<\/a><\/p>\n<p>&nbsp;<\/p>\n<p>&nbsp;<\/p>\n<p>&nbsp;<\/p>\n<p>&nbsp;<\/p>\n","protected":false},"excerpt":{"rendered":"<p>04\/04\/2022 INFORME DE NECESIDAD SUMINISTRO DE ENERG\u00cdA EL\u00c9CTRICA 04\/04\/2022 INFORME DE NO DIVISI\u00d3N EN LOTES SUMINISTRO DE ENERG\u00cdA EL\u00c9CTRICA 04\/04\/2022 PPT SUMINISTRO DE ENERG\u00cdA EL\u00c9CTRICA 04\/04\/2022 PCAP SUMINISTRO DE ENERG\u00cdA EL\u00c9CTRICA 04\/04\/2022 TABLAS ANEXAS AL PPT SUMINISTRO DE ENERG\u00cdA EL\u00c9CTRICA 04\/04\/2022 CERTIFICACI\u00d3N DE GOBIERNO APROBACI\u00d3N E INICIACI\u00d3N DEL EXPTE. 04\/04\/2022 DOUE &#8211; ENV\u00cdO ANUNCIO DE&hellip; <br \/> <a class=\"button small blue\" href=\"https:\/\/contratacion.almunecar.es\/?p=4789\">Leer m\u00e1s<\/a><\/p>\n","protected":false},"author":5,"featured_media":0,"comment_status":"closed","ping_status":"closed","sticky":false,"template":"","format":"standard","meta":{"_acf_changed":false,"footnotes":""},"categories":[3,11,14],"tags":[],"class_list":["post-4789","post","type-post","status-publish","format-standard","hentry","category-anuncio","category-declaracion-desierto","category-desierto"],"acf":[],"_links":{"self":[{"href":"https:\/\/contratacion.almunecar.es\/index.php?rest_route=\/wp\/v2\/posts\/4789","targetHints":{"allow":["GET"]}}],"collection":[{"href":"https:\/\/contratacion.almunecar.es\/index.php?rest_route=\/wp\/v2\/posts"}],"about":[{"href":"https:\/\/contratacion.almunecar.es\/index.php?rest_route=\/wp\/v2\/types\/post"}],"author":[{"embeddable":true,"href":"https:\/\/contratacion.almunecar.es\/index.php?rest_route=\/wp\/v2\/users\/5"}],"replies":[{"embeddable":true,"href":"https:\/\/contratacion.almunecar.es\/index.php?rest_route=%2Fwp%2Fv2%2Fcomments&post=4789"}],"version-history":[{"count":8,"href":"https:\/\/contratacion.almunecar.es\/index.php?rest_route=\/wp\/v2\/posts\/4789\/revisions"}],"predecessor-version":[{"id":5283,"href":"https:\/\/contratacion.almunecar.es\/index.php?rest_route=\/wp\/v2\/posts\/4789\/revisions\/5283"}],"wp:attachment":[{"href":"https:\/\/contratacion.almunecar.es\/index.php?rest_route=%2Fwp%2Fv2%2Fmedia&parent=4789"}],"wp:term":[{"taxonomy":"category","embeddable":true,"href":"https:\/\/contratacion.almunecar.es\/index.php?rest_route=%2Fwp%2Fv2%2Fcategories&post=4789"},{"taxonomy":"post_tag","embeddable":true,"href":"https:\/\/contratacion.almunecar.es\/index.php?rest_route=%2Fwp%2Fv2%2Ftags&post=4789"}],"curies":[{"name":"wp","href":"https:\/\/api.w.org\/{rel}","templated":true}]}}