{"id":4769,"date":"2022-03-31T08:37:08","date_gmt":"2022-03-31T06:37:08","guid":{"rendered":"https:\/\/contratacion.almunecar.es\/?p=4769"},"modified":"2022-04-19T08:44:05","modified_gmt":"2022-04-19T06:44:05","slug":"expte-23-2022-gest-2658-2022-suministro-de-maquina-combinada-universal-para-uso-del-personal-de-carpinteria-del-servicio-de-mantenimiento-del-ayuntamiento-de-almunecar","status":"publish","type":"post","link":"https:\/\/contratacion.almunecar.es\/?p=4769","title":{"rendered":"EXPTE. 23\/2022 (GEST 2658\/2022) SUMINISTRO DE M\u00c1QUINA COMBINADA UNIVERSAL PARA USO DEL PERSONAL DE CARPINTER\u00cdA DEL SERVICIO DE MANTENIMIENTO DEL AYUNTAMIENTO DE ALMU\u00d1\u00c9CAR"},"content":{"rendered":"<p>31\/03\/2022 <a href=\"https:\/\/contratacion.almunecar.es\/wp-content\/uploads\/2022\/03\/INFORME-DE-NECESIDAD-M\u00c1QUINA-COM.pdf\">INFORME DE NECESIDAD M\u00c1QUINA COM<\/a><\/p>\n<p>19\/04\/022 <a href=\"https:\/\/contratacion.almunecar.es\/wp-content\/uploads\/2022\/03\/DECRETO-2022-1307-R.A.-EXPTE.-23-2022-GEST-2658-2022-Sum.-M\u00e1quina-Combinada-Uni.pdf\">DECRETO 2022-1307 [R.A. EXPTE. 23-2022 (GEST 2658-2022) Sum. M\u00e1quina Combinada Uni<\/a><\/p>\n","protected":false},"excerpt":{"rendered":"<p>31\/03\/2022 INFORME DE NECESIDAD M\u00c1QUINA COM 19\/04\/022 DECRETO 2022-1307 [R.A. EXPTE. 23-2022 (GEST 2658-2022) Sum. M\u00e1quina Combinada Uni<\/p>\n","protected":false},"author":5,"featured_media":0,"comment_status":"closed","ping_status":"closed","sticky":false,"template":"","format":"standard","meta":{"_acf_changed":false,"footnotes":""},"categories":[5,3,10],"tags":[],"class_list":["post-4769","post","type-post","status-publish","format-standard","hentry","category-adjudicacion_final","category-anuncio","category-menores"],"acf":[],"_links":{"self":[{"href":"https:\/\/contratacion.almunecar.es\/index.php?rest_route=\/wp\/v2\/posts\/4769","targetHints":{"allow":["GET"]}}],"collection":[{"href":"https:\/\/contratacion.almunecar.es\/index.php?rest_route=\/wp\/v2\/posts"}],"about":[{"href":"https:\/\/contratacion.almunecar.es\/index.php?rest_route=\/wp\/v2\/types\/post"}],"author":[{"embeddable":true,"href":"https:\/\/contratacion.almunecar.es\/index.php?rest_route=\/wp\/v2\/users\/5"}],"replies":[{"embeddable":true,"href":"https:\/\/contratacion.almunecar.es\/index.php?rest_route=%2Fwp%2Fv2%2Fcomments&post=4769"}],"version-history":[{"count":3,"href":"https:\/\/contratacion.almunecar.es\/index.php?rest_route=\/wp\/v2\/posts\/4769\/revisions"}],"predecessor-version":[{"id":4823,"href":"https:\/\/contratacion.almunecar.es\/index.php?rest_route=\/wp\/v2\/posts\/4769\/revisions\/4823"}],"wp:attachment":[{"href":"https:\/\/contratacion.almunecar.es\/index.php?rest_route=%2Fwp%2Fv2%2Fmedia&parent=4769"}],"wp:term":[{"taxonomy":"category","embeddable":true,"href":"https:\/\/contratacion.almunecar.es\/index.php?rest_route=%2Fwp%2Fv2%2Fcategories&post=4769"},{"taxonomy":"post_tag","embeddable":true,"href":"https:\/\/contratacion.almunecar.es\/index.php?rest_route=%2Fwp%2Fv2%2Ftags&post=4769"}],"curies":[{"name":"wp","href":"https:\/\/api.w.org\/{rel}","templated":true}]}}