{"id":4718,"date":"2022-03-01T14:29:42","date_gmt":"2022-03-01T12:29:42","guid":{"rendered":"https:\/\/contratacion.almunecar.es\/?p=4718"},"modified":"2022-03-09T09:31:20","modified_gmt":"2022-03-09T07:31:20","slug":"expte-18-2022-gest-1449-2022-suministro-de-perfiles-metalicos-para-instalacion-de-tuberia-vi-fase-reutilizacion-de-aguas-depuradas-de-la-e-d-a-r-pfea-especial-2021","status":"publish","type":"post","link":"https:\/\/contratacion.almunecar.es\/?p=4718","title":{"rendered":"EXPTE. 18\/2022 (GEST. 1449\/2022): SUMINISTRO DE PERFILES MET\u00c1LICOS PARA INSTALACI\u00d3N DE TUBER\u00cdA (VI FASE REUTILIZACI\u00d3N DE AGUAS DEPURADAS DE LA E.D.A.R.-PFEA ESPECIAL 2021)"},"content":{"rendered":"<p>01\/03\/2022 <a href=\"https:\/\/contratacion.almunecar.es\/wp-content\/uploads\/2022\/03\/INFORME-DE-NECESIDAD-SUMINISTRO-DE-PERFILES-MET\u00c1LICOS-PARA-INSTALACI\u00d3N-DE-TUBER\u00cdA.pdf\">INFORME DE NECESIDAD SUMINISTRO DE PERFILES MET\u00c1LICOS PARA INSTALACI\u00d3N DE TUBER\u00cdA<\/a><\/p>\n<p>09\/03\/2022 <a href=\"https:\/\/contratacion.almunecar.es\/wp-content\/uploads\/2022\/03\/DECRETO-2022-0835-R.A.-EXPTE.-18-2022-GEST-1449-2022Suministro-de-perfiles-met\u00e1licos-para-in.pdf\">DECRETO 2022-0835 [R.A. EXPTE. 18-2022 (GEST 1449-2022)Suministro de perfiles met\u00e1licos para in<\/a><\/p>\n","protected":false},"excerpt":{"rendered":"<p>01\/03\/2022 INFORME DE NECESIDAD SUMINISTRO DE PERFILES MET\u00c1LICOS PARA INSTALACI\u00d3N DE TUBER\u00cdA 09\/03\/2022 DECRETO 2022-0835 [R.A. EXPTE. 18-2022 (GEST 1449-2022)Suministro de perfiles met\u00e1licos para in<\/p>\n","protected":false},"author":5,"featured_media":0,"comment_status":"closed","ping_status":"closed","sticky":false,"template":"","format":"standard","meta":{"_acf_changed":false,"footnotes":""},"categories":[5,3,10],"tags":[],"class_list":["post-4718","post","type-post","status-publish","format-standard","hentry","category-adjudicacion_final","category-anuncio","category-menores"],"acf":[],"_links":{"self":[{"href":"https:\/\/contratacion.almunecar.es\/index.php?rest_route=\/wp\/v2\/posts\/4718","targetHints":{"allow":["GET"]}}],"collection":[{"href":"https:\/\/contratacion.almunecar.es\/index.php?rest_route=\/wp\/v2\/posts"}],"about":[{"href":"https:\/\/contratacion.almunecar.es\/index.php?rest_route=\/wp\/v2\/types\/post"}],"author":[{"embeddable":true,"href":"https:\/\/contratacion.almunecar.es\/index.php?rest_route=\/wp\/v2\/users\/5"}],"replies":[{"embeddable":true,"href":"https:\/\/contratacion.almunecar.es\/index.php?rest_route=%2Fwp%2Fv2%2Fcomments&post=4718"}],"version-history":[{"count":4,"href":"https:\/\/contratacion.almunecar.es\/index.php?rest_route=\/wp\/v2\/posts\/4718\/revisions"}],"predecessor-version":[{"id":4755,"href":"https:\/\/contratacion.almunecar.es\/index.php?rest_route=\/wp\/v2\/posts\/4718\/revisions\/4755"}],"wp:attachment":[{"href":"https:\/\/contratacion.almunecar.es\/index.php?rest_route=%2Fwp%2Fv2%2Fmedia&parent=4718"}],"wp:term":[{"taxonomy":"category","embeddable":true,"href":"https:\/\/contratacion.almunecar.es\/index.php?rest_route=%2Fwp%2Fv2%2Fcategories&post=4718"},{"taxonomy":"post_tag","embeddable":true,"href":"https:\/\/contratacion.almunecar.es\/index.php?rest_route=%2Fwp%2Fv2%2Ftags&post=4718"}],"curies":[{"name":"wp","href":"https:\/\/api.w.org\/{rel}","templated":true}]}}