{"id":4517,"date":"2021-12-01T15:03:23","date_gmt":"2021-12-01T13:03:23","guid":{"rendered":"https:\/\/contratacion.almunecar.es\/?p=4517"},"modified":"2021-12-01T15:03:23","modified_gmt":"2021-12-01T13:03:23","slug":"expte-118-2021-gest-12393-2021-suministro-de-materiales-para-la-ejecucion-de-la-solera-de-hormigon-en-plaza-mirador-de-la-santa-cruz-en-almunecar-obras-del-proyecto-rehabilitacion-y-mej","status":"publish","type":"post","link":"https:\/\/contratacion.almunecar.es\/?p=4517","title":{"rendered":"EXPTE. 118\/2021 (GEST 12393\/2021): SUMINISTRO DE MATERIALES PARA LA EJECUCI\u00d3N DE LA SOLERA DE HORMIG\u00d3N EN PLAZA MIRADOR DE LA SANTA CRUZ, EN ALMU\u00d1\u00c9CAR. OBRAS DEL PROYECTO \u201cREHABILITACI\u00d3N Y MEJORA DE LA PLAZA MIRADOR DE LA SANTA CRUZ, EN ALMU\u00d1\u00c9CAR\u201d. SUBVENCI\u00d3N FINANCIACI\u00d3N PFEA 2021"},"content":{"rendered":"<p>01\/12\/2021 <a href=\"https:\/\/contratacion.almunecar.es\/wp-content\/uploads\/2021\/12\/INFORME-NECESIDAD-EXPTE.-118-2021-SUMIN.-MATERIALES-SOLERA-PLZA.-MIRADOR-DE-LA-S.-CRUZ.pdf\">INFORME NECESIDAD EXPTE. 118-2021 SUMIN. MATERIALES SOLERA PLZA. MIRADOR DE LA S. CRUZ<\/a><\/p>\n<p>&nbsp;<\/p>\n<p>&nbsp;<\/p>\n","protected":false},"excerpt":{"rendered":"<p>01\/12\/2021 INFORME NECESIDAD EXPTE. 118-2021 SUMIN. MATERIALES SOLERA PLZA. MIRADOR DE LA S. CRUZ &nbsp; &nbsp;<\/p>\n","protected":false},"author":5,"featured_media":0,"comment_status":"closed","ping_status":"closed","sticky":false,"template":"","format":"standard","meta":{"_acf_changed":false,"footnotes":""},"categories":[3,10],"tags":[],"class_list":["post-4517","post","type-post","status-publish","format-standard","hentry","category-anuncio","category-menores"],"acf":[],"_links":{"self":[{"href":"https:\/\/contratacion.almunecar.es\/index.php?rest_route=\/wp\/v2\/posts\/4517","targetHints":{"allow":["GET"]}}],"collection":[{"href":"https:\/\/contratacion.almunecar.es\/index.php?rest_route=\/wp\/v2\/posts"}],"about":[{"href":"https:\/\/contratacion.almunecar.es\/index.php?rest_route=\/wp\/v2\/types\/post"}],"author":[{"embeddable":true,"href":"https:\/\/contratacion.almunecar.es\/index.php?rest_route=\/wp\/v2\/users\/5"}],"replies":[{"embeddable":true,"href":"https:\/\/contratacion.almunecar.es\/index.php?rest_route=%2Fwp%2Fv2%2Fcomments&post=4517"}],"version-history":[{"count":2,"href":"https:\/\/contratacion.almunecar.es\/index.php?rest_route=\/wp\/v2\/posts\/4517\/revisions"}],"predecessor-version":[{"id":4520,"href":"https:\/\/contratacion.almunecar.es\/index.php?rest_route=\/wp\/v2\/posts\/4517\/revisions\/4520"}],"wp:attachment":[{"href":"https:\/\/contratacion.almunecar.es\/index.php?rest_route=%2Fwp%2Fv2%2Fmedia&parent=4517"}],"wp:term":[{"taxonomy":"category","embeddable":true,"href":"https:\/\/contratacion.almunecar.es\/index.php?rest_route=%2Fwp%2Fv2%2Fcategories&post=4517"},{"taxonomy":"post_tag","embeddable":true,"href":"https:\/\/contratacion.almunecar.es\/index.php?rest_route=%2Fwp%2Fv2%2Ftags&post=4517"}],"curies":[{"name":"wp","href":"https:\/\/api.w.org\/{rel}","templated":true}]}}