{"id":4463,"date":"2021-11-22T10:24:37","date_gmt":"2021-11-22T08:24:37","guid":{"rendered":"https:\/\/contratacion.almunecar.es\/?p=4463"},"modified":"2021-11-22T10:24:37","modified_gmt":"2021-11-22T08:24:37","slug":"expte-106-2021-gest-11978-2021-venta-con-desmontaje-y-retirada-de-26-modulos-prefabricados-de-casetas-de-obra-sitas-en-camino-de-la-galera-s-n-e-instalacion-completa-de-otras-2-casetas-emplazadas","status":"publish","type":"post","link":"https:\/\/contratacion.almunecar.es\/?p=4463","title":{"rendered":"EXPTE. 106\/2021 (GEST. 11978\/2021) VENTA CON DESMONTAJE Y RETIRADA DE 26 M\u00d3DULOS PREFABRICADOS DE CASETAS DE OBRA SITAS EN CAMINO DE LA GALERA S\/N, E INSTALACI\u00d3N COMPLETA DE OTRAS 2 CASETAS EMPLAZADAS EN EL SOLAR EN LA UBICACI\u00d3N MARCADA POR EL AYUNTAMIENTO DE ALMU\u00d1\u00c9CAR."},"content":{"rendered":"<p>22\/11\/2021 <a href=\"https:\/\/contratacion.almunecar.es\/wp-content\/uploads\/2021\/11\/INFORME-VALORACI\u00d3N-M\u00d3DULOS-CASETAS-CAMINO-DE-LA-GALERA-S-N.pdf\">INFORME VALORACI\u00d3N M\u00d3DULOS CASETAS CAMINO DE LA GALERA S-N<\/a><\/p>\n<p>&nbsp;<\/p>\n","protected":false},"excerpt":{"rendered":"<p>22\/11\/2021 INFORME VALORACI\u00d3N M\u00d3DULOS CASETAS CAMINO DE LA GALERA S-N &nbsp;<\/p>\n","protected":false},"author":5,"featured_media":0,"comment_status":"closed","ping_status":"closed","sticky":false,"template":"","format":"standard","meta":{"_acf_changed":false,"footnotes":""},"categories":[3],"tags":[],"class_list":["post-4463","post","type-post","status-publish","format-standard","hentry","category-anuncio"],"acf":[],"_links":{"self":[{"href":"https:\/\/contratacion.almunecar.es\/index.php?rest_route=\/wp\/v2\/posts\/4463","targetHints":{"allow":["GET"]}}],"collection":[{"href":"https:\/\/contratacion.almunecar.es\/index.php?rest_route=\/wp\/v2\/posts"}],"about":[{"href":"https:\/\/contratacion.almunecar.es\/index.php?rest_route=\/wp\/v2\/types\/post"}],"author":[{"embeddable":true,"href":"https:\/\/contratacion.almunecar.es\/index.php?rest_route=\/wp\/v2\/users\/5"}],"replies":[{"embeddable":true,"href":"https:\/\/contratacion.almunecar.es\/index.php?rest_route=%2Fwp%2Fv2%2Fcomments&post=4463"}],"version-history":[{"count":3,"href":"https:\/\/contratacion.almunecar.es\/index.php?rest_route=\/wp\/v2\/posts\/4463\/revisions"}],"predecessor-version":[{"id":4467,"href":"https:\/\/contratacion.almunecar.es\/index.php?rest_route=\/wp\/v2\/posts\/4463\/revisions\/4467"}],"wp:attachment":[{"href":"https:\/\/contratacion.almunecar.es\/index.php?rest_route=%2Fwp%2Fv2%2Fmedia&parent=4463"}],"wp:term":[{"taxonomy":"category","embeddable":true,"href":"https:\/\/contratacion.almunecar.es\/index.php?rest_route=%2Fwp%2Fv2%2Fcategories&post=4463"},{"taxonomy":"post_tag","embeddable":true,"href":"https:\/\/contratacion.almunecar.es\/index.php?rest_route=%2Fwp%2Fv2%2Ftags&post=4463"}],"curies":[{"name":"wp","href":"https:\/\/api.w.org\/{rel}","templated":true}]}}