{"id":4458,"date":"2021-11-19T13:45:46","date_gmt":"2021-11-19T11:45:46","guid":{"rendered":"https:\/\/contratacion.almunecar.es\/?p=4458"},"modified":"2021-11-19T13:45:46","modified_gmt":"2021-11-19T11:45:46","slug":"expte-104-2021-gest-11918-2021-obras-de-capa-de-base-de-zahorra-artificial-en-explanada-de-la-plaza-mirador-de-la-santa-cruz-en-almunecar-obras-del-proyecto-rehabilitacion-y-mejora-de-la-plaza","status":"publish","type":"post","link":"https:\/\/contratacion.almunecar.es\/?p=4458","title":{"rendered":"EXPTE. 104\/2021 (GEST 11918\/2021): OBRAS DE CAPA DE BASE DE ZAHORRA ARTIFICIAL EN EXPLANADA DE LA PLAZA MIRADOR DE LA SANTA CRUZ, EN ALMU\u00d1\u00c9CAR. OBRAS DEL PROYECTO \u00abREHABILITACI\u00d3N Y MEJORA DE LA PLAZA MIRADOR DE LA SANTA CRUZ, EN ALMU\u00d1\u00c9CAR\u00bb. SUBVENCI\u00d3N FINANCIACI\u00d3N PFEA 2021."},"content":{"rendered":"<p>19\/11\/2021 <a href=\"https:\/\/contratacion.almunecar.es\/wp-content\/uploads\/2021\/11\/INFORME-DE-MOTIVACI\u00d3N-CAPA-ZAHORRA-ARTIFICIAL-PLAZA-MIRADOR-DE-LA-SANTA-CRUZ.pdf\">INFORME DE MOTIVACI\u00d3N CAPA ZAHORRA ARTIFICIAL PLAZA MIRADOR DE LA SANTA CRUZ<\/a><\/p>\n<p>&nbsp;<\/p>\n<p>&nbsp;<\/p>\n","protected":false},"excerpt":{"rendered":"<p>19\/11\/2021 INFORME DE MOTIVACI\u00d3N CAPA ZAHORRA ARTIFICIAL PLAZA MIRADOR DE LA SANTA CRUZ &nbsp; &nbsp;<\/p>\n","protected":false},"author":5,"featured_media":0,"comment_status":"closed","ping_status":"closed","sticky":false,"template":"","format":"standard","meta":{"_acf_changed":false,"footnotes":""},"categories":[3,10],"tags":[],"class_list":["post-4458","post","type-post","status-publish","format-standard","hentry","category-anuncio","category-menores"],"acf":[],"_links":{"self":[{"href":"https:\/\/contratacion.almunecar.es\/index.php?rest_route=\/wp\/v2\/posts\/4458","targetHints":{"allow":["GET"]}}],"collection":[{"href":"https:\/\/contratacion.almunecar.es\/index.php?rest_route=\/wp\/v2\/posts"}],"about":[{"href":"https:\/\/contratacion.almunecar.es\/index.php?rest_route=\/wp\/v2\/types\/post"}],"author":[{"embeddable":true,"href":"https:\/\/contratacion.almunecar.es\/index.php?rest_route=\/wp\/v2\/users\/5"}],"replies":[{"embeddable":true,"href":"https:\/\/contratacion.almunecar.es\/index.php?rest_route=%2Fwp%2Fv2%2Fcomments&post=4458"}],"version-history":[{"count":2,"href":"https:\/\/contratacion.almunecar.es\/index.php?rest_route=\/wp\/v2\/posts\/4458\/revisions"}],"predecessor-version":[{"id":4461,"href":"https:\/\/contratacion.almunecar.es\/index.php?rest_route=\/wp\/v2\/posts\/4458\/revisions\/4461"}],"wp:attachment":[{"href":"https:\/\/contratacion.almunecar.es\/index.php?rest_route=%2Fwp%2Fv2%2Fmedia&parent=4458"}],"wp:term":[{"taxonomy":"category","embeddable":true,"href":"https:\/\/contratacion.almunecar.es\/index.php?rest_route=%2Fwp%2Fv2%2Fcategories&post=4458"},{"taxonomy":"post_tag","embeddable":true,"href":"https:\/\/contratacion.almunecar.es\/index.php?rest_route=%2Fwp%2Fv2%2Ftags&post=4458"}],"curies":[{"name":"wp","href":"https:\/\/api.w.org\/{rel}","templated":true}]}}