{"id":4324,"date":"2021-11-02T14:48:06","date_gmt":"2021-11-02T12:48:06","guid":{"rendered":"https:\/\/contratacion.almunecar.es\/?p=4324"},"modified":"2021-11-02T14:48:14","modified_gmt":"2021-11-02T12:48:14","slug":"expte-91-2021-gest-11302-2021-obras-de-demolicion-y-levantado-del-pavimento-carga-y-transporte-de-residuos-de-construccion-de-la-plaza-mirador-de-la-santa-cruz-en-almunecar-financiacion-pfea-2","status":"publish","type":"post","link":"https:\/\/contratacion.almunecar.es\/?p=4324","title":{"rendered":"EXPTE. 91\/2021 (GEST. 11302\/2021): OBRAS DE DEMOLICI\u00d3N Y LEVANTADO DEL PAVIMENTO, CARGA Y TRANSPORTE DE RESIDUOS DE CONSTRUCCI\u00d3N DE LA PLAZA MIRADOR DE LA SANTA CRUZ, EN ALMU\u00d1\u00c9CAR. FINANCIACI\u00d3N PFEA 2021 \u00abREHABILITACI\u00d3N Y MEJORA DE LA PLAZA MIRADOR DE LA SANTA CRUZ, EN ALMU\u00d1\u00c9CAR\u00bb EXPTE. N\u00ba 1801721BC01."},"content":{"rendered":"<p>02\/11\/2021 <a href=\"https:\/\/contratacion.almunecar.es\/wp-content\/uploads\/2021\/11\/INF.-MOTIV.-NECESIDAD-EXPTE.-91-2021-Obras-demolici\u00f3n-del-pavimento-y-transporte-de-residuos-Plaza-Mirador-de-la-Santa-Cruz.pdf\">INF. MOTIV. NECESIDAD EXPTE. 91-2021 Obras demolici\u00f3n del pavimento y transporte de residuos Plaza Mirador de la Santa Cruz<\/a><\/p>\n<p>&nbsp;<\/p>\n","protected":false},"excerpt":{"rendered":"<p>02\/11\/2021 INF. MOTIV. NECESIDAD EXPTE. 91-2021 Obras demolici\u00f3n del pavimento y transporte de residuos Plaza Mirador de la Santa Cruz &nbsp;<\/p>\n","protected":false},"author":5,"featured_media":0,"comment_status":"closed","ping_status":"closed","sticky":false,"template":"","format":"standard","meta":{"_acf_changed":false,"footnotes":""},"categories":[3,10],"tags":[],"class_list":["post-4324","post","type-post","status-publish","format-standard","hentry","category-anuncio","category-menores"],"acf":[],"_links":{"self":[{"href":"https:\/\/contratacion.almunecar.es\/index.php?rest_route=\/wp\/v2\/posts\/4324","targetHints":{"allow":["GET"]}}],"collection":[{"href":"https:\/\/contratacion.almunecar.es\/index.php?rest_route=\/wp\/v2\/posts"}],"about":[{"href":"https:\/\/contratacion.almunecar.es\/index.php?rest_route=\/wp\/v2\/types\/post"}],"author":[{"embeddable":true,"href":"https:\/\/contratacion.almunecar.es\/index.php?rest_route=\/wp\/v2\/users\/5"}],"replies":[{"embeddable":true,"href":"https:\/\/contratacion.almunecar.es\/index.php?rest_route=%2Fwp%2Fv2%2Fcomments&post=4324"}],"version-history":[{"count":2,"href":"https:\/\/contratacion.almunecar.es\/index.php?rest_route=\/wp\/v2\/posts\/4324\/revisions"}],"predecessor-version":[{"id":4327,"href":"https:\/\/contratacion.almunecar.es\/index.php?rest_route=\/wp\/v2\/posts\/4324\/revisions\/4327"}],"wp:attachment":[{"href":"https:\/\/contratacion.almunecar.es\/index.php?rest_route=%2Fwp%2Fv2%2Fmedia&parent=4324"}],"wp:term":[{"taxonomy":"category","embeddable":true,"href":"https:\/\/contratacion.almunecar.es\/index.php?rest_route=%2Fwp%2Fv2%2Fcategories&post=4324"},{"taxonomy":"post_tag","embeddable":true,"href":"https:\/\/contratacion.almunecar.es\/index.php?rest_route=%2Fwp%2Fv2%2Ftags&post=4324"}],"curies":[{"name":"wp","href":"https:\/\/api.w.org\/{rel}","templated":true}]}}