{"id":4301,"date":"2021-10-25T11:09:34","date_gmt":"2021-10-25T09:09:34","guid":{"rendered":"https:\/\/contratacion.almunecar.es\/?p=4301"},"modified":"2021-10-25T11:09:41","modified_gmt":"2021-10-25T09:09:41","slug":"expte-84-2021-gest-10778-2021-obras-de-reparacion-de-fachadas-del-edificio-infantil-del-colegio-rio-verde-en-almunecar","status":"publish","type":"post","link":"https:\/\/contratacion.almunecar.es\/?p=4301","title":{"rendered":"EXPTE. 84-2021 (GEST 10778\/2021): OBRAS DE REPARACI\u00d3N DE FACHADAS DEL EDIFICIO INFANTIL DEL COLEGIO R\u00cdO VERDE, EN ALMU\u00d1\u00c9CAR."},"content":{"rendered":"<p>25\/10\/2021 <a href=\"https:\/\/contratacion.almunecar.es\/wp-content\/uploads\/2021\/10\/INFORME-DE-NECESIDAD-Y-PRESUPUESTO-REPARACI\u00d3N-FACHADAS-EDIFICIO-INFANTIL-DE-COLEGIO-RIO-VERDE.pdf\">INFORME DE NECESIDAD Y PRESUPUESTO &#8211; REPARACI\u00d3N FACHADAS EDIFICIO INFANTIL DE COLEGIO RIO VERDE<\/a><\/p>\n<p>&nbsp;<\/p>\n","protected":false},"excerpt":{"rendered":"<p>25\/10\/2021 INFORME DE NECESIDAD Y PRESUPUESTO &#8211; REPARACI\u00d3N FACHADAS EDIFICIO INFANTIL DE COLEGIO RIO VERDE &nbsp;<\/p>\n","protected":false},"author":5,"featured_media":0,"comment_status":"closed","ping_status":"closed","sticky":false,"template":"","format":"standard","meta":{"_acf_changed":false,"footnotes":""},"categories":[3,10],"tags":[],"class_list":["post-4301","post","type-post","status-publish","format-standard","hentry","category-anuncio","category-menores"],"acf":[],"_links":{"self":[{"href":"https:\/\/contratacion.almunecar.es\/index.php?rest_route=\/wp\/v2\/posts\/4301","targetHints":{"allow":["GET"]}}],"collection":[{"href":"https:\/\/contratacion.almunecar.es\/index.php?rest_route=\/wp\/v2\/posts"}],"about":[{"href":"https:\/\/contratacion.almunecar.es\/index.php?rest_route=\/wp\/v2\/types\/post"}],"author":[{"embeddable":true,"href":"https:\/\/contratacion.almunecar.es\/index.php?rest_route=\/wp\/v2\/users\/5"}],"replies":[{"embeddable":true,"href":"https:\/\/contratacion.almunecar.es\/index.php?rest_route=%2Fwp%2Fv2%2Fcomments&post=4301"}],"version-history":[{"count":2,"href":"https:\/\/contratacion.almunecar.es\/index.php?rest_route=\/wp\/v2\/posts\/4301\/revisions"}],"predecessor-version":[{"id":4304,"href":"https:\/\/contratacion.almunecar.es\/index.php?rest_route=\/wp\/v2\/posts\/4301\/revisions\/4304"}],"wp:attachment":[{"href":"https:\/\/contratacion.almunecar.es\/index.php?rest_route=%2Fwp%2Fv2%2Fmedia&parent=4301"}],"wp:term":[{"taxonomy":"category","embeddable":true,"href":"https:\/\/contratacion.almunecar.es\/index.php?rest_route=%2Fwp%2Fv2%2Fcategories&post=4301"},{"taxonomy":"post_tag","embeddable":true,"href":"https:\/\/contratacion.almunecar.es\/index.php?rest_route=%2Fwp%2Fv2%2Ftags&post=4301"}],"curies":[{"name":"wp","href":"https:\/\/api.w.org\/{rel}","templated":true}]}}