{"id":4162,"date":"2021-09-10T13:18:52","date_gmt":"2021-09-10T11:18:52","guid":{"rendered":"https:\/\/contratacion.almunecar.es\/?p=4162"},"modified":"2021-11-23T12:49:22","modified_gmt":"2021-11-23T10:49:22","slug":"expte-49-2021-gest-6589-2021-servicio-de-instalacion-y-desmontaje-del-alumbrado-ornamental-de-navidad-en-diferentes-calles-de-almunecar-y-la-herradura-con-motivo-de-la-celebracion-de-la-navidad-20","status":"publish","type":"post","link":"https:\/\/contratacion.almunecar.es\/?p=4162","title":{"rendered":"EXPTE. 49\/2021 (GEST 6589\/2021): Servicio de instalaci\u00f3n y desmontaje del alumbrado ornamental de navidad en diferentes calles de Almu\u00f1\u00e9car y La Herradura con motivo de la celebraci\u00f3n de la Navidad 2021, siendo necesario contar con el alumbrado extraordinario adecuado para su desarrollo, mediante los siguientes lotes: LOTE I: Zona 1 \u2013 Almu\u00f1\u00e9car LOTE II: Zona 2 \u2013 La Herradura"},"content":{"rendered":"<p>10\/09\/2021 <a href=\"https:\/\/contratacion.almunecar.es\/wp-content\/uploads\/2021\/09\/NECESIDAD-DEL-SERVICIO-Y-AUSENCIA-DE-MEDIOS-PROPIOS-ILUMINACIoN-NAVIDAD-2021.pdf\">NECESIDAD DEL SERVICIO Y AUSENCIA DE MEDIOS PROPIOS ILUMINACIoN NAVIDAD 2021<\/a><\/p>\n<p>10\/09\/2021 <a href=\"https:\/\/contratacion.almunecar.es\/wp-content\/uploads\/2021\/09\/PPT-iluminacion.pdf\">PPT iluminaci\u00f3n<\/a><\/p>\n<p>10\/09\/2021 <a href=\"https:\/\/contratacion.almunecar.es\/wp-content\/uploads\/2021\/09\/PCAP-iluminacion.pdf\">PCAP iluminaci\u00f3n<\/a><\/p>\n<p>10\/09\/2021 <a href=\"https:\/\/contratacion.almunecar.es\/wp-content\/uploads\/2021\/09\/20210910_Certificado_CERTIFICAGOBIERNO-Ord.-25\u00ba-Alumbrado-de-Navidad..pdf\">20210910_Certificado_CERTIFICAGOBIERNO; Ord. 25\u00ba; Alumbrado de Navidad.<\/a><\/p>\n<p>10\/09\/2021 <a href=\"https:\/\/contratacion.almunecar.es\/wp-content\/uploads\/2021\/09\/DOC_CN2021-247081.pdf\">PLACSP &#8211; Anuncio de Licitaci\u00f3n<\/a><\/p>\n<p>10\/09\/2021 <a href=\"https:\/\/contratacion.almunecar.es\/wp-content\/uploads\/2021\/09\/DOC_CD2021-247098.pdf\">PLACSP &#8211; Documento de los pliegos<\/a><\/p>\n<p>Para m\u00e1s informaci\u00f3n y presentaci\u00f3n de ofertas: <a href=\"https:\/\/contrataciondelestado.es\/wps\/poc?uri=deeplink%3Adetalle_licitacion&amp;idEvl=Or7oYvfpHH%2Brz3GQd5r6SQ%3D%3D\">click aqu\u00ed.<\/a><\/p>\n<p>08\/10\/2021 <a href=\"https:\/\/contratacion.almunecar.es\/wp-content\/uploads\/2021\/08\/convocatoria.pdf\">Convocatoria Mesa de Contrataci\u00f3n<\/a><\/p>\n<p>21\/10\/2021 <a href=\"https:\/\/contratacion.almunecar.es\/wp-content\/uploads\/2021\/07\/ACTA-MESA-DE-CONTRATACION-2021-10-14.pdf\">ACTA MESA DE CONTRATACION 2021-10-14<\/a><\/p>\n<p>29\/10\/2021 <a href=\"https:\/\/contratacion.almunecar.es\/wp-content\/uploads\/2021\/09\/CITACION-MESA-DE-CONTRATACION-2021-11-02.pdf\">CITACION MESA DE CONTRATACION 2021-11-02<\/a><\/p>\n<p>09\/11\/2021 <a href=\"https:\/\/contratacion.almunecar.es\/wp-content\/uploads\/2021\/09\/ACTA-MESA-DE-CONTRATACION-20211102.pdf\">ACTA MESA DE CONTRATACION 20211102<\/a><\/p>\n<p>15\/11\/2021 <a href=\"https:\/\/contratacion.almunecar.es\/wp-content\/uploads\/2021\/09\/Requerimiento-de-documentacion-L1-y-L2.pdf\">Requerimiento de documentacion L1 y L2<\/a><\/p>\n<p>15\/11\/2021 <a href=\"https:\/\/contratacion.almunecar.es\/wp-content\/uploads\/2021\/09\/AN_DOCREQ2021-NOT-02485887.pdf\">Comunicaci\u00f3n Requerimiento de Documentaci\u00f3n<\/a><\/p>\n<p>22\/11\/2021 <a href=\"https:\/\/contratacion.almunecar.es\/wp-content\/uploads\/2021\/09\/DECRETO-20214226-RA-Expte-49-21GEST-6589-21-iluminacion-navidad.pdf\">DECRETO 20214226 RA Expte 49 21GEST 6589 21 iluminacion navidad Adjudicaci\u00f3n<\/a><\/p>\n<p>22\/11\/2021 <a href=\"https:\/\/contratacion.almunecar.es\/wp-content\/uploads\/2021\/09\/DOC_CAN_ADJ2021-480174.pdf\">PLACSP &#8211; Anuncio Adjudicaci\u00f3n<\/a><\/p>\n<p>23\/11\/2021 <a href=\"https:\/\/contratacion.almunecar.es\/wp-content\/uploads\/2021\/09\/DOC_FORM2021-483833.pdf\">PLACSP &#8211; Anuncio Formalizaci\u00f3n<\/a><\/p>\n<p>&nbsp;<\/p>\n","protected":false},"excerpt":{"rendered":"<p>10\/09\/2021 NECESIDAD DEL SERVICIO Y AUSENCIA DE MEDIOS PROPIOS ILUMINACIoN NAVIDAD 2021 10\/09\/2021 PPT iluminaci\u00f3n 10\/09\/2021 PCAP iluminaci\u00f3n 10\/09\/2021 20210910_Certificado_CERTIFICAGOBIERNO; Ord. 25\u00ba; Alumbrado de Navidad. 10\/09\/2021 PLACSP &#8211; Anuncio de Licitaci\u00f3n 10\/09\/2021 PLACSP &#8211; Documento de los pliegos Para m\u00e1s informaci\u00f3n y presentaci\u00f3n de ofertas: click aqu\u00ed. 08\/10\/2021 Convocatoria Mesa de Contrataci\u00f3n 21\/10\/2021 ACTA MESA&hellip; <br \/> <a class=\"button small blue\" href=\"https:\/\/contratacion.almunecar.es\/?p=4162\">Leer m\u00e1s<\/a><\/p>\n","protected":false},"author":5,"featured_media":0,"comment_status":"closed","ping_status":"closed","sticky":false,"template":"","format":"standard","meta":{"_acf_changed":false,"footnotes":""},"categories":[5,3,12,4],"tags":[],"class_list":["post-4162","post","type-post","status-publish","format-standard","hentry","category-adjudicacion_final","category-anuncio","category-formalizacion-de-contrato","category-licitacion"],"acf":[],"_links":{"self":[{"href":"https:\/\/contratacion.almunecar.es\/index.php?rest_route=\/wp\/v2\/posts\/4162","targetHints":{"allow":["GET"]}}],"collection":[{"href":"https:\/\/contratacion.almunecar.es\/index.php?rest_route=\/wp\/v2\/posts"}],"about":[{"href":"https:\/\/contratacion.almunecar.es\/index.php?rest_route=\/wp\/v2\/types\/post"}],"author":[{"embeddable":true,"href":"https:\/\/contratacion.almunecar.es\/index.php?rest_route=\/wp\/v2\/users\/5"}],"replies":[{"embeddable":true,"href":"https:\/\/contratacion.almunecar.es\/index.php?rest_route=%2Fwp%2Fv2%2Fcomments&post=4162"}],"version-history":[{"count":11,"href":"https:\/\/contratacion.almunecar.es\/index.php?rest_route=\/wp\/v2\/posts\/4162\/revisions"}],"predecessor-version":[{"id":4480,"href":"https:\/\/contratacion.almunecar.es\/index.php?rest_route=\/wp\/v2\/posts\/4162\/revisions\/4480"}],"wp:attachment":[{"href":"https:\/\/contratacion.almunecar.es\/index.php?rest_route=%2Fwp%2Fv2%2Fmedia&parent=4162"}],"wp:term":[{"taxonomy":"category","embeddable":true,"href":"https:\/\/contratacion.almunecar.es\/index.php?rest_route=%2Fwp%2Fv2%2Fcategories&post=4162"},{"taxonomy":"post_tag","embeddable":true,"href":"https:\/\/contratacion.almunecar.es\/index.php?rest_route=%2Fwp%2Fv2%2Ftags&post=4162"}],"curies":[{"name":"wp","href":"https:\/\/api.w.org\/{rel}","templated":true}]}}