{"id":4131,"date":"2021-09-02T09:03:00","date_gmt":"2021-09-02T07:03:00","guid":{"rendered":"https:\/\/contratacion.almunecar.es\/?p=4131"},"modified":"2021-09-02T09:03:00","modified_gmt":"2021-09-02T07:03:00","slug":"expte-74-2021-gest-9631-2021-obras-de-renovacion-de-acerado-en-calle-alcalde-julio-fajardo-en-almunecar","status":"publish","type":"post","link":"https:\/\/contratacion.almunecar.es\/?p=4131","title":{"rendered":"EXPTE. 74\/2021 (GEST. 9631\/2021): OBRAS DE RENOVACI\u00d3N DE ACERADO EN CALLE ALCALDE JULIO FAJARDO, EN ALMU\u00d1\u00c9CAR"},"content":{"rendered":"<p>02\/09\/2021 <a href=\"https:\/\/contratacion.almunecar.es\/wp-content\/uploads\/2021\/09\/INFORME-DE-MOTIVACI\u00d3N-OBRAS-RENOVACI\u00d3N-ACERADO-CALLE-ALCALDE-JULIO-FAJARDO.pdf\">INFORME DE MOTIVACI\u00d3N OBRAS RENOVACI\u00d3N ACERADO CALLE ALCALDE JULIO FAJARDO<\/a><\/p>\n<p>02\/09\/2021 <a href=\"https:\/\/contratacion.almunecar.es\/wp-content\/uploads\/2021\/09\/MEMORIA-VALORADA-OBRAS-RENOVACI\u00d3N-ACERADO-CALLE-ALCALDE-JULIO-FAJARDO.pdf\">MEMORIA VALORADA OBRAS RENOVACI\u00d3N ACERADO CALLE ALCALDE JULIO FAJARDO<\/a><\/p>\n<p>&nbsp;<\/p>\n","protected":false},"excerpt":{"rendered":"<p>02\/09\/2021 INFORME DE MOTIVACI\u00d3N OBRAS RENOVACI\u00d3N ACERADO CALLE ALCALDE JULIO FAJARDO 02\/09\/2021 MEMORIA VALORADA OBRAS RENOVACI\u00d3N ACERADO CALLE ALCALDE JULIO FAJARDO &nbsp;<\/p>\n","protected":false},"author":5,"featured_media":0,"comment_status":"closed","ping_status":"closed","sticky":false,"template":"","format":"standard","meta":{"_acf_changed":false,"footnotes":""},"categories":[3,10],"tags":[],"class_list":["post-4131","post","type-post","status-publish","format-standard","hentry","category-anuncio","category-menores"],"acf":[],"_links":{"self":[{"href":"https:\/\/contratacion.almunecar.es\/index.php?rest_route=\/wp\/v2\/posts\/4131","targetHints":{"allow":["GET"]}}],"collection":[{"href":"https:\/\/contratacion.almunecar.es\/index.php?rest_route=\/wp\/v2\/posts"}],"about":[{"href":"https:\/\/contratacion.almunecar.es\/index.php?rest_route=\/wp\/v2\/types\/post"}],"author":[{"embeddable":true,"href":"https:\/\/contratacion.almunecar.es\/index.php?rest_route=\/wp\/v2\/users\/5"}],"replies":[{"embeddable":true,"href":"https:\/\/contratacion.almunecar.es\/index.php?rest_route=%2Fwp%2Fv2%2Fcomments&post=4131"}],"version-history":[{"count":2,"href":"https:\/\/contratacion.almunecar.es\/index.php?rest_route=\/wp\/v2\/posts\/4131\/revisions"}],"predecessor-version":[{"id":4135,"href":"https:\/\/contratacion.almunecar.es\/index.php?rest_route=\/wp\/v2\/posts\/4131\/revisions\/4135"}],"wp:attachment":[{"href":"https:\/\/contratacion.almunecar.es\/index.php?rest_route=%2Fwp%2Fv2%2Fmedia&parent=4131"}],"wp:term":[{"taxonomy":"category","embeddable":true,"href":"https:\/\/contratacion.almunecar.es\/index.php?rest_route=%2Fwp%2Fv2%2Fcategories&post=4131"},{"taxonomy":"post_tag","embeddable":true,"href":"https:\/\/contratacion.almunecar.es\/index.php?rest_route=%2Fwp%2Fv2%2Ftags&post=4131"}],"curies":[{"name":"wp","href":"https:\/\/api.w.org\/{rel}","templated":true}]}}