{"id":4104,"date":"2021-08-27T13:50:42","date_gmt":"2021-08-27T11:50:42","guid":{"rendered":"https:\/\/contratacion.almunecar.es\/?p=4104"},"modified":"2022-03-08T10:52:10","modified_gmt":"2022-03-08T08:52:10","slug":"expte-68-2021-gest-9123-2021-obras-de-remodelacion-del-mercado-municipal-de-la-herradura-para-incorporacion-de-centro-de-interpretacion-de-los-recursos-turisticos-de-la-herradura","status":"publish","type":"post","link":"https:\/\/contratacion.almunecar.es\/?p=4104","title":{"rendered":"Expte. 68\/2021 (GEST 9123\/2021): Obras de remodelaci\u00f3n del Mercado Municipal de La Herradura para incorporaci\u00f3n de Centro de Interpretaci\u00f3n de los recursos tur\u00edsticos de La Herradura"},"content":{"rendered":"<p>27\/08\/2021 <a href=\"https:\/\/contratacion.almunecar.es\/wp-content\/uploads\/2021\/08\/Informe-de-no-lotes.pdf\">Informe de no lotes<\/a><\/p>\n<p>27\/08\/2021 <a href=\"https:\/\/contratacion.almunecar.es\/wp-content\/uploads\/2021\/08\/Informe-Necesidad-e-Idoneidad.pdf\">Informe Necesidad e Idoneidad<\/a><\/p>\n<p>27\/08\/2021 <a href=\"https:\/\/contratacion.almunecar.es\/wp-content\/uploads\/2021\/08\/MEMORIA-COMPLETA.pdf\">MEMORIA COMPLETA<\/a><\/p>\n<p>27\/08\/2021 <a href=\"https:\/\/contratacion.almunecar.es\/wp-content\/uploads\/2021\/08\/PLANOS.pdf\">PLANOS<\/a><\/p>\n<p>27\/08\/2021 <a href=\"https:\/\/contratacion.almunecar.es\/wp-content\/uploads\/2021\/08\/PPT-Mercado-LH.pdf\">PPT Mercado LH<\/a><\/p>\n<p>27\/08\/2021 <a href=\"https:\/\/contratacion.almunecar.es\/wp-content\/uploads\/2021\/08\/PCAP-REMODELACION-MERCADO-LA-HERRADURA.pdf\">PCAP REMODELACION MERCADO LA HERRADURA<\/a><\/p>\n<p>27\/08\/2021 <a href=\"https:\/\/contratacion.almunecar.es\/wp-content\/uploads\/2021\/08\/aprobacion.pdf\">Aprobaci\u00f3n e iniciaci\u00f3n de expediente<\/a><\/p>\n<p>27\/08\/2021 <a href=\"https:\/\/contratacion.almunecar.es\/wp-content\/uploads\/2021\/08\/DOC_CN2021-214247-LICI.pdf\">PLACSP &#8211; Anuncio de licitaci\u00f3n<\/a><\/p>\n<p>27\/08\/2021 <a href=\"https:\/\/contratacion.almunecar.es\/wp-content\/uploads\/2021\/08\/DOC_CD2021-214313-PLIE.pdf\">PLACSP &#8211; Documento de los pliegos<\/a><\/p>\n<p>Para m\u00e1s informaci\u00f3n y presentaci\u00f3n de ofertas: <a href=\"https:\/\/contrataciondelestado.es\/wps\/poc?uri=deeplink%3Adetalle_licitacion&amp;idEvl=zDX1TJX%2BEvMBPRBxZ4nJ%2Fg%3D%3D\">click aqu\u00ed<\/a><\/p>\n<p>23\/09\/2021 <a href=\"https:\/\/contratacion.almunecar.es\/wp-content\/uploads\/2021\/06\/CITACION-MESA-DE-CONTRATACION-20210927.pdf\">CITACION MESA DE CONTRATACION 20210927<\/a><\/p>\n<p>08\/10\/2021 <a href=\"https:\/\/contratacion.almunecar.es\/wp-content\/uploads\/2021\/08\/convocatoria.pdf\">Convocatoria Mesa de Contrataci\u00f3n<\/a><\/p>\n<p>14\/10\/2021 <a href=\"https:\/\/contratacion.almunecar.es\/wp-content\/uploads\/2021\/06\/ACTA-MESA-DE-CONTRATACION-2021-09-27.pdf\">ACTA MESA DE CONTRATACION 2021-09-27<\/a><\/p>\n<p>20\/10\/2021 <a href=\"https:\/\/contratacion.almunecar.es\/wp-content\/uploads\/2021\/08\/ACTA-MESA-DE-CONTRATACION-2021-10-14.pdf\">ACTA MESA DE CONTRATACION 2021-10-14<\/a><\/p>\n<p>20\/10\/2021 <a href=\"https:\/\/contratacion.almunecar.es\/wp-content\/uploads\/2021\/08\/Subsanacion-Guerreli.pdf\">Subsanaci\u00f3n Guerreli<\/a><\/p>\n<p>20\/10\/2021 <a href=\"https:\/\/contratacion.almunecar.es\/wp-content\/uploads\/2021\/08\/JOAB-Viales.pdf\">JOAB Viales<\/a><\/p>\n<p>20\/10\/2021 <a href=\"https:\/\/contratacion.almunecar.es\/wp-content\/uploads\/2021\/08\/JOAB-spal.pdf\">JOAB spal<\/a><\/p>\n<p>20\/10\/2021 <a href=\"https:\/\/contratacion.almunecar.es\/wp-content\/uploads\/2021\/08\/Subsanacion-Furbasan.pdf\">Subsanaci\u00f3n Furbasan<\/a><\/p>\n<p>20\/10\/2021 <a href=\"https:\/\/contratacion.almunecar.es\/wp-content\/uploads\/2021\/08\/JOAB-Eiffage.pdf\">JOAB Eiffage<\/a><\/p>\n<p>29\/10\/2021 <a href=\"https:\/\/contratacion.almunecar.es\/wp-content\/uploads\/2021\/09\/CITACION-MESA-DE-CONTRATACION-2021-11-02.pdf\">CITACION MESA DE CONTRATACION 2021-11-02<\/a><\/p>\n<p>09\/11\/2021 <a href=\"https:\/\/contratacion.almunecar.es\/wp-content\/uploads\/2021\/09\/ACTA-MESA-DE-CONTRATACION-20211102.pdf\">ACTA MESA DE CONTRATACION 20211102<\/a><\/p>\n<p>09\/11\/2021 <a href=\"https:\/\/contratacion.almunecar.es\/wp-content\/uploads\/2021\/08\/AN_DOCREQ2021-NOT-02473458.pdf\">Comunicaci\u00f3n Requerimiento de Documentaci\u00f3n<\/a><\/p>\n<p>25\/11\/2021 <a href=\"https:\/\/contratacion.almunecar.es\/wp-content\/uploads\/2021\/08\/AJGL-24112021.pdf\">AJGL 24112021 Requerimiento de documentaci\u00f3n e imposici\u00f3n de finalidad<\/a><\/p>\n<p>25\/11\/2021 <a href=\"https:\/\/contratacion.almunecar.es\/wp-content\/uploads\/2021\/08\/AN_DOCREQ2021-NOT-02522094.pdf\">Comunicaci\u00f3n Requerimiento de documentaci\u00f3n a ACTUA INFRAESTRUCTURAS SL<\/a><\/p>\n<p>25\/11\/2021 <a href=\"https:\/\/contratacion.almunecar.es\/wp-content\/uploads\/2021\/08\/DOC_AN_GEN2021-NOT-02522157.pdf\">Comunicaci\u00f3n Imposici\u00f3n de Penalidad por retirada de oferta a CONSTRUCCIONES HERMANOS MARTOS MECA<\/a><\/p>\n<p>14\/12\/2021 <a href=\"https:\/\/contratacion.almunecar.es\/wp-content\/uploads\/2021\/08\/DECRETO-2021-4516-OBRAS-REMODELACIoN-MERCADO-HERRADURA.pdf\">DECRETO 2021 4516 OBRAS REMODELACIoN MERCADO HERRADURA<\/a><\/p>\n<p>14\/12\/2021 <a href=\"https:\/\/contratacion.almunecar.es\/wp-content\/uploads\/2021\/08\/AN_DOCREQ2021-NOT-02562059-mulconsa.pdf\">Comunicaci\u00f3n Requerimiento de documentaci\u00f3n a MULCONSA<\/a><\/p>\n<p>14\/12\/2021 <a href=\"https:\/\/contratacion.almunecar.es\/wp-content\/uploads\/2021\/08\/DOC_AN_GEN2021-NOT-02562076-actua.pdf\">Comunicaci\u00f3n imposici\u00f3n de penalidad a Act\u00faa<\/a><\/p>\n<p>19\/01\/2022 <a href=\"https:\/\/contratacion.almunecar.es\/wp-content\/uploads\/2021\/08\/DECRETO-2022-0115-Adjudicacion-Remodelacion-Mercado-de-La-Herradura.pdf\">DECRETO 2022 0115 Adjudicacion Remodelacion Mercado de La Herradura<\/a><\/p>\n<p>19\/01\/2022 <a href=\"https:\/\/contratacion.almunecar.es\/wp-content\/uploads\/2021\/08\/DOC_CAN_ADJ2022-352290.pdf\">PLACSP &#8211; Anuncio de Adjudicaci\u00f3n<\/a><\/p>\n<p>08\/03\/2022 <a href=\"https:\/\/contratacion.almunecar.es\/wp-content\/uploads\/2021\/08\/PLACSP-ANUNCIO-DE-FORMALIZACI\u00d3N-OBRAS-REMODELACI\u00d3N-MERCADO-DE-LA-HERRADURA.pdf\">PLACSP &#8211; ANUNCIO DE FORMALIZACI\u00d3N OBRAS REMODELACI\u00d3N MERCADO DE LA HERRADURA<\/a><\/p>\n<p>&nbsp;<\/p>\n<p>&nbsp;<\/p>\n","protected":false},"excerpt":{"rendered":"<p>27\/08\/2021 Informe de no lotes 27\/08\/2021 Informe Necesidad e Idoneidad 27\/08\/2021 MEMORIA COMPLETA 27\/08\/2021 PLANOS 27\/08\/2021 PPT Mercado LH 27\/08\/2021 PCAP REMODELACION MERCADO LA HERRADURA 27\/08\/2021 Aprobaci\u00f3n e iniciaci\u00f3n de expediente 27\/08\/2021 PLACSP &#8211; Anuncio de licitaci\u00f3n 27\/08\/2021 PLACSP &#8211; Documento de los pliegos Para m\u00e1s informaci\u00f3n y presentaci\u00f3n de ofertas: click aqu\u00ed 23\/09\/2021 CITACION&hellip; <br \/> <a class=\"button small blue\" href=\"https:\/\/contratacion.almunecar.es\/?p=4104\">Leer m\u00e1s<\/a><\/p>\n","protected":false},"author":5,"featured_media":0,"comment_status":"closed","ping_status":"closed","sticky":false,"template":"","format":"standard","meta":{"_acf_changed":false,"footnotes":""},"categories":[5,3,7,12,4],"tags":[],"class_list":["post-4104","post","type-post","status-publish","format-standard","hentry","category-adjudicacion_final","category-anuncio","category-formalizacion","category-formalizacion-de-contrato","category-licitacion"],"acf":[],"_links":{"self":[{"href":"https:\/\/contratacion.almunecar.es\/index.php?rest_route=\/wp\/v2\/posts\/4104","targetHints":{"allow":["GET"]}}],"collection":[{"href":"https:\/\/contratacion.almunecar.es\/index.php?rest_route=\/wp\/v2\/posts"}],"about":[{"href":"https:\/\/contratacion.almunecar.es\/index.php?rest_route=\/wp\/v2\/types\/post"}],"author":[{"embeddable":true,"href":"https:\/\/contratacion.almunecar.es\/index.php?rest_route=\/wp\/v2\/users\/5"}],"replies":[{"embeddable":true,"href":"https:\/\/contratacion.almunecar.es\/index.php?rest_route=%2Fwp%2Fv2%2Fcomments&post=4104"}],"version-history":[{"count":14,"href":"https:\/\/contratacion.almunecar.es\/index.php?rest_route=\/wp\/v2\/posts\/4104\/revisions"}],"predecessor-version":[{"id":4744,"href":"https:\/\/contratacion.almunecar.es\/index.php?rest_route=\/wp\/v2\/posts\/4104\/revisions\/4744"}],"wp:attachment":[{"href":"https:\/\/contratacion.almunecar.es\/index.php?rest_route=%2Fwp%2Fv2%2Fmedia&parent=4104"}],"wp:term":[{"taxonomy":"category","embeddable":true,"href":"https:\/\/contratacion.almunecar.es\/index.php?rest_route=%2Fwp%2Fv2%2Fcategories&post=4104"},{"taxonomy":"post_tag","embeddable":true,"href":"https:\/\/contratacion.almunecar.es\/index.php?rest_route=%2Fwp%2Fv2%2Ftags&post=4104"}],"curies":[{"name":"wp","href":"https:\/\/api.w.org\/{rel}","templated":true}]}}