{"id":4035,"date":"2021-08-06T09:08:19","date_gmt":"2021-08-06T07:08:19","guid":{"rendered":"https:\/\/contratacion.almunecar.es\/?p=4035"},"modified":"2021-08-09T12:08:48","modified_gmt":"2021-08-09T10:08:48","slug":"expte-65-2021-gest-8456-2021-obras-de-pavimentacion-de-un-ramal-del-camino-de-casadelfas-en-el-termino-municipal-de-almunecar","status":"publish","type":"post","link":"https:\/\/contratacion.almunecar.es\/?p=4035","title":{"rendered":"EXPTE. 65\/2021 (GEST 8456\/2021): OBRAS DE PAVIMENTACI\u00d3N DE UN RAMAL DEL CAMINO DE CASADELFAS, EN EL T\u00c9RMINO MUNICIPAL DE ALMU\u00d1\u00c9CAR"},"content":{"rendered":"<p>06\/08\/2021 <a href=\"https:\/\/contratacion.almunecar.es\/wp-content\/uploads\/2021\/08\/INFORME-MOTIVACI\u00d3N-NECESIDAD-PAVIMENTACI\u00d3N-RAMAL-CAMINO-CASADELFAS.pdf\">INFORME MOTIVACI\u00d3N NECESIDAD PAVIMENTACI\u00d3N RAMAL CAMINO CASADELFAS<\/a><\/p>\n<p>09\/08\/2021 <a href=\"https:\/\/contratacion.almunecar.es\/wp-content\/uploads\/2021\/08\/20210722_Otros_MEMORIA-VALORADA.RAMAL-CAMINO-CASADELFAS_rev00.pdf\">MEMORIA VALORADA.RAMAL CAMINO CASADELFAS_rev00<\/a><\/p>\n<p>&nbsp;<\/p>\n","protected":false},"excerpt":{"rendered":"<p>06\/08\/2021 INFORME MOTIVACI\u00d3N NECESIDAD PAVIMENTACI\u00d3N RAMAL CAMINO CASADELFAS 09\/08\/2021 MEMORIA VALORADA.RAMAL CAMINO CASADELFAS_rev00 &nbsp;<\/p>\n","protected":false},"author":5,"featured_media":0,"comment_status":"closed","ping_status":"closed","sticky":false,"template":"","format":"standard","meta":{"_acf_changed":false,"footnotes":""},"categories":[3,10],"tags":[],"class_list":["post-4035","post","type-post","status-publish","format-standard","hentry","category-anuncio","category-menores"],"acf":[],"_links":{"self":[{"href":"https:\/\/contratacion.almunecar.es\/index.php?rest_route=\/wp\/v2\/posts\/4035","targetHints":{"allow":["GET"]}}],"collection":[{"href":"https:\/\/contratacion.almunecar.es\/index.php?rest_route=\/wp\/v2\/posts"}],"about":[{"href":"https:\/\/contratacion.almunecar.es\/index.php?rest_route=\/wp\/v2\/types\/post"}],"author":[{"embeddable":true,"href":"https:\/\/contratacion.almunecar.es\/index.php?rest_route=\/wp\/v2\/users\/5"}],"replies":[{"embeddable":true,"href":"https:\/\/contratacion.almunecar.es\/index.php?rest_route=%2Fwp%2Fv2%2Fcomments&post=4035"}],"version-history":[{"count":4,"href":"https:\/\/contratacion.almunecar.es\/index.php?rest_route=\/wp\/v2\/posts\/4035\/revisions"}],"predecessor-version":[{"id":4048,"href":"https:\/\/contratacion.almunecar.es\/index.php?rest_route=\/wp\/v2\/posts\/4035\/revisions\/4048"}],"wp:attachment":[{"href":"https:\/\/contratacion.almunecar.es\/index.php?rest_route=%2Fwp%2Fv2%2Fmedia&parent=4035"}],"wp:term":[{"taxonomy":"category","embeddable":true,"href":"https:\/\/contratacion.almunecar.es\/index.php?rest_route=%2Fwp%2Fv2%2Fcategories&post=4035"},{"taxonomy":"post_tag","embeddable":true,"href":"https:\/\/contratacion.almunecar.es\/index.php?rest_route=%2Fwp%2Fv2%2Ftags&post=4035"}],"curies":[{"name":"wp","href":"https:\/\/api.w.org\/{rel}","templated":true}]}}