{"id":4013,"date":"2021-07-30T08:34:06","date_gmt":"2021-07-30T06:34:06","guid":{"rendered":"https:\/\/contratacion.almunecar.es\/?p=4013"},"modified":"2022-04-11T10:45:26","modified_gmt":"2022-04-11T08:45:26","slug":"expte-8-2020-gest-628-2020-suministro-de-vestuario-laboral-y-equipos-de-proteccion-individual-epis-para-el-personal-del-ayuntamiento-de-almunecar-mediante-lotes","status":"publish","type":"post","link":"https:\/\/contratacion.almunecar.es\/?p=4013","title":{"rendered":"EXPTE. 8\/2020 (GEST 628\/2020): Suministro de vestuario laboral y equipos de protecci\u00f3n individual (EPI\u00b4s) para el personal del Ayuntamiento de Almu\u00f1\u00e9car mediante lotes."},"content":{"rendered":"<p>30\/07\/2021 <a href=\"https:\/\/contratacion.almunecar.es\/wp-content\/uploads\/2021\/07\/PPTP-SUMINISTRO-VESTUARIO-Y-EPIS-AYUNTAMIENTO.pdf\">PPTP SUMINISTRO VESTUARIO Y EPIS AYUNTAMIENTO<\/a><\/p>\n<p>30\/07\/2021 <a href=\"https:\/\/contratacion.almunecar.es\/wp-content\/uploads\/2021\/07\/PCAP-SUMINISTRO-VESTUARIO.pdf\">PCAP SUMINISTRO VESTUARIO<\/a><\/p>\n<p>30\/07\/2021 <a href=\"https:\/\/contratacion.almunecar.es\/wp-content\/uploads\/2021\/07\/NECESIDAD-DEL-SERVICIO-Y-AUSENCIA-DE-MEDIOS-PROPIOS-VESTUARIO-EPIS.pdf\">NECESIDAD DEL SERVICIO Y AUSENCIA DE MEDIOS PROPIOS VESTUARIO EPIS<\/a><\/p>\n<p>30\/07\/2021 <a href=\"https:\/\/contratacion.almunecar.es\/wp-content\/uploads\/2021\/07\/20210723_Certificado_Certificado-Junta-de-Gobierno_CERTIFICADO-JGL-21.07.21-Ord-11\u00ba.pdf\">20210723_Certificado_Certificado Junta de Gobierno_CERTIFICADO JGL 21.07.21; Ord 11\u00ba<\/a><\/p>\n<p>30\/07\/2021 <a href=\"https:\/\/contratacion.almunecar.es\/wp-content\/uploads\/2021\/07\/DOC_CN2021-141704.pdf\">PLACSP &#8211; Anuncio de Licitaci\u00f3n<\/a><\/p>\n<p>30\/07\/2021 <a href=\"https:\/\/contratacion.almunecar.es\/wp-content\/uploads\/2021\/07\/DOC_CD2021-141739.pdf\">PLACSP &#8211; Documento de los pliegos<\/a><\/p>\n<p>30\/07\/2021 <a href=\"https:\/\/contratacion.almunecar.es\/wp-content\/uploads\/2021\/07\/DOUE2021-111436_20210730081139.pdf\">Anuncio enviado a DOUE<\/a><\/p>\n<p><strong>Ayuntamiento de Almu\u00f1\u00e9car informa en relaci\u00f3n a la entrega de muestras en el Registro de Entrada:<\/strong> <em>El horario de carga y descarga de la Plaza de la Constituci\u00f3n es de 9:00 horas a 10:30 horas de la ma\u00f1ana. Durante ese per\u00edodo de tiempo, pueden acceder los veh\u00edculos hasta la Plaza. Fuera de ese horario, existe control por c\u00e1mara y no se puede acceder a la zona. Perdonen las molestias.<\/em><\/p>\n<p>01\/09\/2021 <a href=\"https:\/\/contratacion.almunecar.es\/wp-content\/uploads\/2021\/07\/CITACION-MESA-DE-CONTRATACION-2021-09-03.pdf\">CITACION MESA DE CONTRATACION 2021-09-03<\/a><\/p>\n<p>03\/09\/2021 <a href=\"https:\/\/contratacion.almunecar.es\/wp-content\/uploads\/2021\/07\/ACTA-MESA-DE-CONTRATACIoN-20210903.pdf\">ACTA MESA DE CONTRATACI\u00d3N 2021-09-03<\/a><\/p>\n<p>08\/10\/2021 <a href=\"https:\/\/contratacion.almunecar.es\/wp-content\/uploads\/2021\/08\/convocatoria.pdf\">Convocatoria Mesa de Contrataci\u00f3n<\/a><\/p>\n<p>21\/10\/2021 <a href=\"https:\/\/contratacion.almunecar.es\/wp-content\/uploads\/2021\/07\/ACTA-MESA-DE-CONTRATACION-2021-10-14.pdf\">ACTA MESA DE CONTRATACION 2021-10-14<\/a><\/p>\n<p>29\/10\/2021 <a href=\"https:\/\/contratacion.almunecar.es\/wp-content\/uploads\/2021\/07\/ACTA-MESA-DE-CONTRATACION-2021-10-14-correccin-de-errores.pdf\">_ACTA MESA DE CONTRATACION 2021-10-14 correccin de errores<\/a><\/p>\n<p>30\/11\/2021 <a href=\"https:\/\/contratacion.almunecar.es\/wp-content\/uploads\/2021\/11\/convocatoria-mesa.pdf\">Convocatoria Mesa de Contrataci\u00f3n<\/a> lote 3<\/p>\n<p>01\/12\/2021 <a href=\"https:\/\/contratacion.almunecar.es\/wp-content\/uploads\/2021\/07\/AJGL-requerimiento-vestuario.pdf\">AJGL requerimiento vestuario<\/a> L1 y L2<\/p>\n<p>01\/12\/2021 <a href=\"https:\/\/contratacion.almunecar.es\/wp-content\/uploads\/2021\/07\/Comunicacion-L1.pdf\">Comunicaci\u00f3n Requerimiento de documentaci\u00f3n L1<\/a><\/p>\n<p>01\/12\/2021 <a href=\"https:\/\/contratacion.almunecar.es\/wp-content\/uploads\/2021\/07\/Comunicacion-L2.pdf\">Comunicaci\u00f3n Requerimiento de documentaci\u00f3n L2<\/a><\/p>\n<p>14\/12\/2021 <a href=\"https:\/\/contratacion.almunecar.es\/wp-content\/uploads\/2021\/11\/ACTA-MESA-DE-CONTRATACI\u00d3N-2021-12-03.pdf\">ACTA MESA DE CONTRATACI\u00d3N 2021-12-03<\/a><\/p>\n<p>31\/01\/2022 <a href=\"https:\/\/contratacion.almunecar.es\/wp-content\/uploads\/2021\/07\/CERTIFICACION-DE-GOBIERNO-ADJUDICACION.pdf\">CERTIFICACION DE GOBIERNO ADJUDICACION<\/a><\/p>\n<p>31\/01\/2022 <a href=\"https:\/\/contratacion.almunecar.es\/wp-content\/uploads\/2021\/07\/PLACSP-ADJUDICACION-LOTE-1-VESTUARIO.pdf\">PLACSP &#8211; ADJUDICACION LOTE 1 VESTUARIO<\/a><\/p>\n<p>31\/01\/2022 <a href=\"https:\/\/contratacion.almunecar.es\/wp-content\/uploads\/2021\/07\/PLACSP-ADJUDICACION-LOTE-2-VESTUARIO.pdf\">PLACSP &#8211; ADJUDICACION LOTE 2 VESTUARIO<\/a><\/p>\n<p>02\/02\/2022 <a href=\"https:\/\/contratacion.almunecar.es\/wp-content\/uploads\/2021\/07\/AJGL-REQUERIMIENTO-DE-DOCUMENTACI\u00d3N-L3.pdf\">AJGL REQUERIMIENTO DE DOCUMENTACI\u00d3N L3<\/a><\/p>\n<p>02\/02\/2022 <a href=\"https:\/\/contratacion.almunecar.es\/wp-content\/uploads\/2021\/07\/PLACSP-COMUNICACI\u00d3N-REQUERIMIENTO-DE-DOCUMENTACI\u00d3N-L3.pdf\">PLACSP &#8211; COMUNICACI\u00d3N REQUERIMIENTO DE DOCUMENTACI\u00d3N L3<\/a><\/p>\n<p>04\/03\/2022 <a href=\"https:\/\/contratacion.almunecar.es\/wp-content\/uploads\/2021\/07\/DOUE-2022-PUBLICACI\u00d3N-ANUNCIO-FORMALIZACI\u00d3N-VESTUARIO-LABORAL-LOTES-12.pdf\">DOUE 2022 &#8211; PUBLICACI\u00d3N ANUNCIO FORMALIZACI\u00d3N VESTUARIO LABORAL LOTES 1,2<\/a><\/p>\n<p>04\/03\/2022 <a href=\"https:\/\/contratacion.almunecar.es\/wp-content\/uploads\/2021\/07\/PLACSP-FORMALIZACI\u00d3N-VESTUARIO-LABORAL-LOTES-1-2..pdf\">PLACSP &#8211; FORMALIZACI\u00d3N VESTUARIO LABORAL LOTES 1, 2.<\/a><\/p>\n<p>08\/03\/2022 <a href=\"https:\/\/contratacion.almunecar.es\/wp-content\/uploads\/2021\/07\/AJGL-ADJUDICACION-LOTE-III-VESTUARIO-LABORAL-Y-EPIS.pdf\">AJGL ADJUDICACION LOTE III VESTUARIO LABORAL Y EPIS<\/a><\/p>\n<p>08\/03\/2022 <a href=\"https:\/\/contratacion.almunecar.es\/wp-content\/uploads\/2021\/07\/PLACSP-ADJUDICACI\u00d3N-VESTUARIO-LABORAL-LOTE-3.-SOL.-T\u00c9CNICAS-2000-SL.pdf\">PLACSP- ADJUDICACI\u00d3N VESTUARIO LABORAL LOTE 3. SOL. T\u00c9CNICAS 2000 SL<\/a><\/p>\n<p>11\/04\/2022 <a href=\"https:\/\/contratacion.almunecar.es\/wp-content\/uploads\/2021\/07\/VESTUARIO-LOTE-III-ENV\u00cdO-DOUE-ANUNCIO-DE-FORMALIZACI\u00d3N.pdf\">VESTUARIO LOTE III &#8211; ENV\u00cdO DOUE ANUNCIO DE FORMALIZACI\u00d3N<\/a><\/p>\n<p>11\/04\/2022 <a href=\"https:\/\/contratacion.almunecar.es\/wp-content\/uploads\/2021\/07\/PLACSP-ANUNCIO-DE-FORMALIZACI\u00d3N-SUMINISTRO-VESTUARIO-LABORAL-LOTE-III.pdf\">PLACSP &#8211; ANUNCIO DE FORMALIZACI\u00d3N SUMINISTRO VESTUARIO LABORAL LOTE III<\/a><\/p>\n<p>&nbsp;<\/p>\n<p>&nbsp;<\/p>\n<p>&nbsp;<\/p>\n<p>&nbsp;<\/p>\n<p>&nbsp;<\/p>\n<p>&nbsp;<\/p>\n<p>&nbsp;<\/p>\n","protected":false},"excerpt":{"rendered":"<p>30\/07\/2021 PPTP SUMINISTRO VESTUARIO Y EPIS AYUNTAMIENTO 30\/07\/2021 PCAP SUMINISTRO VESTUARIO 30\/07\/2021 NECESIDAD DEL SERVICIO Y AUSENCIA DE MEDIOS PROPIOS VESTUARIO EPIS 30\/07\/2021 20210723_Certificado_Certificado Junta de Gobierno_CERTIFICADO JGL 21.07.21; Ord 11\u00ba 30\/07\/2021 PLACSP &#8211; Anuncio de Licitaci\u00f3n 30\/07\/2021 PLACSP &#8211; Documento de los pliegos 30\/07\/2021 Anuncio enviado a DOUE Ayuntamiento de Almu\u00f1\u00e9car informa en relaci\u00f3n&hellip; <br \/> <a class=\"button small blue\" href=\"https:\/\/contratacion.almunecar.es\/?p=4013\">Leer m\u00e1s<\/a><\/p>\n","protected":false},"author":5,"featured_media":0,"comment_status":"closed","ping_status":"closed","sticky":false,"template":"","format":"standard","meta":{"_acf_changed":false,"footnotes":""},"categories":[5,3,7,12,4],"tags":[],"class_list":["post-4013","post","type-post","status-publish","format-standard","hentry","category-adjudicacion_final","category-anuncio","category-formalizacion","category-formalizacion-de-contrato","category-licitacion"],"acf":[],"_links":{"self":[{"href":"https:\/\/contratacion.almunecar.es\/index.php?rest_route=\/wp\/v2\/posts\/4013","targetHints":{"allow":["GET"]}}],"collection":[{"href":"https:\/\/contratacion.almunecar.es\/index.php?rest_route=\/wp\/v2\/posts"}],"about":[{"href":"https:\/\/contratacion.almunecar.es\/index.php?rest_route=\/wp\/v2\/types\/post"}],"author":[{"embeddable":true,"href":"https:\/\/contratacion.almunecar.es\/index.php?rest_route=\/wp\/v2\/users\/5"}],"replies":[{"embeddable":true,"href":"https:\/\/contratacion.almunecar.es\/index.php?rest_route=%2Fwp%2Fv2%2Fcomments&post=4013"}],"version-history":[{"count":18,"href":"https:\/\/contratacion.almunecar.es\/index.php?rest_route=\/wp\/v2\/posts\/4013\/revisions"}],"predecessor-version":[{"id":4809,"href":"https:\/\/contratacion.almunecar.es\/index.php?rest_route=\/wp\/v2\/posts\/4013\/revisions\/4809"}],"wp:attachment":[{"href":"https:\/\/contratacion.almunecar.es\/index.php?rest_route=%2Fwp%2Fv2%2Fmedia&parent=4013"}],"wp:term":[{"taxonomy":"category","embeddable":true,"href":"https:\/\/contratacion.almunecar.es\/index.php?rest_route=%2Fwp%2Fv2%2Fcategories&post=4013"},{"taxonomy":"post_tag","embeddable":true,"href":"https:\/\/contratacion.almunecar.es\/index.php?rest_route=%2Fwp%2Fv2%2Ftags&post=4013"}],"curies":[{"name":"wp","href":"https:\/\/api.w.org\/{rel}","templated":true}]}}