{"id":3992,"date":"2021-07-23T13:37:12","date_gmt":"2021-07-23T11:37:12","guid":{"rendered":"https:\/\/contratacion.almunecar.es\/?p=3992"},"modified":"2021-08-06T13:05:17","modified_gmt":"2021-08-06T11:05:17","slug":"expte-55-2021-gest-7256-2021-espectaculos-musicales-para-fiestas-patronales-de-agosto-almunecar-2021-1-6-de-agosto-luis-cepeda-2-9-de-agosto-demarco-flamenco-3-11-de-agosto-tributo-isabel-p","status":"publish","type":"post","link":"https:\/\/contratacion.almunecar.es\/?p=3992","title":{"rendered":"Expte 55-2021 (GEST 7256\/2021): Espect\u00e1culos Musicales para Fiestas patronales de Agosto, Almu\u00f1\u00e9car 2021. 1.- 6 de agosto Luis Cepeda 2.- 9 de agosto Demarco flamenco 3.- 11 de agosto Tributo Isabel Pantoja 4.- 12 de agosto Blas Cant\u00f3 5.- 13 de agosto Los Morancos 6.- 15 de agosto La Tentaci\u00f3n"},"content":{"rendered":"<p>23\/07\/2021 <a href=\"https:\/\/contratacion.almunecar.es\/wp-content\/uploads\/2021\/07\/PPT.pdf\">PPT<\/a><\/p>\n<p>23\/07\/2021 <a href=\"https:\/\/contratacion.almunecar.es\/wp-content\/uploads\/2021\/07\/PCAP-1.pdf\">PCAP<\/a><\/p>\n<p>23\/07\/2021 <a href=\"https:\/\/contratacion.almunecar.es\/wp-content\/uploads\/2021\/07\/CERTIFICADO-JGL-210721-Ord-8.pdf\">CERTIFICADO JGL 210721 Ord 8<\/a><\/p>\n<p>23\/07\/2021 <a href=\"https:\/\/contratacion.almunecar.es\/wp-content\/uploads\/2021\/07\/DOC_CN2021-095115.pdf\">PLACSP &#8211; Anuncio de Licitaci\u00f3n<\/a><\/p>\n<p>23\/07\/2021 <a href=\"https:\/\/contratacion.almunecar.es\/wp-content\/uploads\/2021\/07\/DOC_CD2021-095135.pdf\">PLACSP &#8211; Documento de los pliegos<\/a><\/p>\n<p>06\/08\/2021 <a href=\"https:\/\/contratacion.almunecar.es\/wp-content\/uploads\/2021\/07\/DECRETO-2021-2901.pdf\">Adjudicaci\u00f3n DECRETO 2021-2901<\/a><\/p>\n<p>06\/08\/2021 <a href=\"https:\/\/contratacion.almunecar.es\/wp-content\/uploads\/2021\/07\/DOC_CAN_ADJ2021-170681.pdf\">PLACSP &#8211; Anuncio Adjudicaci\u00f3n<\/a><\/p>\n<p>06\/08\/2021 <a href=\"https:\/\/contratacion.almunecar.es\/wp-content\/uploads\/2021\/07\/DOC_FORM2021-170733.pdf\">PLACSP &#8211; Anuncio Formalizaci\u00f3n<\/a><\/p>\n","protected":false},"excerpt":{"rendered":"<p>23\/07\/2021 PPT 23\/07\/2021 PCAP 23\/07\/2021 CERTIFICADO JGL 210721 Ord 8 23\/07\/2021 PLACSP &#8211; Anuncio de Licitaci\u00f3n 23\/07\/2021 PLACSP &#8211; Documento de los pliegos 06\/08\/2021 Adjudicaci\u00f3n DECRETO 2021-2901 06\/08\/2021 PLACSP &#8211; Anuncio Adjudicaci\u00f3n 06\/08\/2021 PLACSP &#8211; Anuncio Formalizaci\u00f3n<\/p>\n","protected":false},"author":5,"featured_media":0,"comment_status":"closed","ping_status":"closed","sticky":false,"template":"","format":"standard","meta":{"_acf_changed":false,"footnotes":""},"categories":[5,3,7],"tags":[],"class_list":["post-3992","post","type-post","status-publish","format-standard","hentry","category-adjudicacion_final","category-anuncio","category-formalizacion"],"acf":[],"_links":{"self":[{"href":"https:\/\/contratacion.almunecar.es\/index.php?rest_route=\/wp\/v2\/posts\/3992","targetHints":{"allow":["GET"]}}],"collection":[{"href":"https:\/\/contratacion.almunecar.es\/index.php?rest_route=\/wp\/v2\/posts"}],"about":[{"href":"https:\/\/contratacion.almunecar.es\/index.php?rest_route=\/wp\/v2\/types\/post"}],"author":[{"embeddable":true,"href":"https:\/\/contratacion.almunecar.es\/index.php?rest_route=\/wp\/v2\/users\/5"}],"replies":[{"embeddable":true,"href":"https:\/\/contratacion.almunecar.es\/index.php?rest_route=%2Fwp%2Fv2%2Fcomments&post=3992"}],"version-history":[{"count":4,"href":"https:\/\/contratacion.almunecar.es\/index.php?rest_route=\/wp\/v2\/posts\/3992\/revisions"}],"predecessor-version":[{"id":4045,"href":"https:\/\/contratacion.almunecar.es\/index.php?rest_route=\/wp\/v2\/posts\/3992\/revisions\/4045"}],"wp:attachment":[{"href":"https:\/\/contratacion.almunecar.es\/index.php?rest_route=%2Fwp%2Fv2%2Fmedia&parent=3992"}],"wp:term":[{"taxonomy":"category","embeddable":true,"href":"https:\/\/contratacion.almunecar.es\/index.php?rest_route=%2Fwp%2Fv2%2Fcategories&post=3992"},{"taxonomy":"post_tag","embeddable":true,"href":"https:\/\/contratacion.almunecar.es\/index.php?rest_route=%2Fwp%2Fv2%2Ftags&post=3992"}],"curies":[{"name":"wp","href":"https:\/\/api.w.org\/{rel}","templated":true}]}}