{"id":3970,"date":"2021-07-16T13:04:58","date_gmt":"2021-07-16T11:04:58","guid":{"rendered":"https:\/\/contratacion.almunecar.es\/?p=3970"},"modified":"2021-10-18T10:30:06","modified_gmt":"2021-10-18T08:30:06","slug":"114-2019-gest-8128-2019-remodelacion-de-la-plaza-de-nueva-de-la-herradura","status":"publish","type":"post","link":"https:\/\/contratacion.almunecar.es\/?p=3970","title":{"rendered":"114\/2019 (GEST 8128\/2019): Remodelaci\u00f3n de la Plaza de Nueva de La Herradura"},"content":{"rendered":"<p>16\/07\/2021 <a href=\"https:\/\/contratacion.almunecar.es\/wp-content\/uploads\/2021\/07\/Memoria-Plaza-La-Herradura-MOD1.pdf\">Memoria Plaza La Herradura MOD1<\/a><\/p>\n<p>16\/07\/2021 <a href=\"https:\/\/contratacion.almunecar.es\/wp-content\/uploads\/2021\/07\/Memoria-Plaza-La-Herradura-MOD2.pdf\">Memoria Plaza La Herradura MOD2<\/a><\/p>\n<p>16\/07\/2021 <a href=\"https:\/\/contratacion.almunecar.es\/wp-content\/uploads\/2021\/07\/PCAP.pdf\">PCAP<\/a><\/p>\n<p>16\/07\/2021 <a href=\"https:\/\/contratacion.almunecar.es\/wp-content\/uploads\/2021\/07\/Inf-Sol-Contrat-Motivacion-y-no-div-lotes-Obra-Plaza-Herdura-exp-812819.pdf\">Inf Sol Contrat Motivacion y no div lotes Obra Plaza Herdura exp 812819<\/a><\/p>\n<p>16\/07\/2021 <a href=\"https:\/\/contratacion.almunecar.es\/wp-content\/uploads\/2021\/07\/certif.pdf\">Aprobaci\u00f3n e iniciaci\u00f3n de expediente<\/a><\/p>\n<p>16\/07\/2021 <a href=\"https:\/\/contratacion.almunecar.es\/wp-content\/uploads\/2021\/07\/DOC_CN2021-054227.pdf\">PLACSP &#8211; Anuncio Licitaci\u00f3n<\/a><\/p>\n<p>16\/07\/2021 <a href=\"https:\/\/contratacion.almunecar.es\/wp-content\/uploads\/2021\/07\/DOC_CD2021-054229.pdf\">PLACSP &#8211; Documento de los pliegos<\/a><\/p>\n<p>Para m\u00e1s informaci\u00f3n y presentaci\u00f3n de ofertas: <a href=\"https:\/\/contrataciondelestado.es\/wps\/poc?uri=deeplink%3Adetalle_licitacion&amp;idEvl=JFVHixLDT9Kmq21uxhbaVQ%3D%3D\">click aqu\u00ed<\/a><\/p>\n<p>20\/08\/2021 <a href=\"https:\/\/contratacion.almunecar.es\/wp-content\/uploads\/2021\/07\/CITACION-MESA-DE-CONTRATACION-2021-08-24.pdf\">CITACION MESA DE CONTRATACION 2021-08-24<\/a><\/p>\n<p>26\/08\/2021 <a href=\"https:\/\/contratacion.almunecar.es\/wp-content\/uploads\/2021\/07\/ACTA-MESA-DE-CONTRATACIoN-2021-08-24.pdf\">ACTA MESA DE CONTRATACI\u00d3N 2021-08-24<\/a><\/p>\n<p>01\/09\/2021 <a href=\"https:\/\/contratacion.almunecar.es\/wp-content\/uploads\/2021\/07\/CITACION-MESA-DE-CONTRATACION-2021-09-03.pdf\">CITACION MESA DE CONTRATACION 2021-09-03<\/a><\/p>\n<p>03\/09\/2021 <a href=\"https:\/\/contratacion.almunecar.es\/wp-content\/uploads\/2021\/07\/ACTA-MESA-DE-CONTRATACIoN-20210903.pdf\">ACTA MESA DE CONTRATACI\u00d3N 2021-09-03<\/a><\/p>\n<p>13\/09\/2021 <a href=\"https:\/\/contratacion.almunecar.es\/wp-content\/uploads\/2021\/07\/Requerimiento-documentacion.pdf\">Requerimiento documentacion<\/a><\/p>\n<p>13\/09\/2021 <a href=\"https:\/\/contratacion.almunecar.es\/wp-content\/uploads\/2021\/07\/Comunicacion-Requerimiento-Documentacion-Vialterra.pdf\">Comunicacion Requerimiento Documentacion Vialterra<\/a><\/p>\n<p>06\/10\/2021 <a href=\"https:\/\/contratacion.almunecar.es\/wp-content\/uploads\/2021\/07\/adjudicacion.pdf\">AJGL 06\/10\/2021 Adjudicacion<\/a><\/p>\n<p>06\/10\/2021 <a href=\"https:\/\/contratacion.almunecar.es\/wp-content\/uploads\/2021\/07\/DOC_CAN_ADJ2021-320899.pdf\">PLACSP &#8211; Anuncio Licitaci\u00f3n<\/a><\/p>\n<p>18\/10\/2121 <a href=\"https:\/\/contratacion.almunecar.es\/wp-content\/uploads\/2021\/07\/DOC_FORM2021-355594.pdf\">PLACSP &#8211; Anuncio Formalizaci\u00f3n<\/a><\/p>\n","protected":false},"excerpt":{"rendered":"<p>16\/07\/2021 Memoria Plaza La Herradura MOD1 16\/07\/2021 Memoria Plaza La Herradura MOD2 16\/07\/2021 PCAP 16\/07\/2021 Inf Sol Contrat Motivacion y no div lotes Obra Plaza Herdura exp 812819 16\/07\/2021 Aprobaci\u00f3n e iniciaci\u00f3n de expediente 16\/07\/2021 PLACSP &#8211; Anuncio Licitaci\u00f3n 16\/07\/2021 PLACSP &#8211; Documento de los pliegos Para m\u00e1s informaci\u00f3n y presentaci\u00f3n de ofertas: click aqu\u00ed&hellip; <br \/> <a class=\"button small blue\" href=\"https:\/\/contratacion.almunecar.es\/?p=3970\">Leer m\u00e1s<\/a><\/p>\n","protected":false},"author":5,"featured_media":0,"comment_status":"closed","ping_status":"closed","sticky":false,"template":"","format":"standard","meta":{"_acf_changed":false,"footnotes":""},"categories":[5,3,12,4],"tags":[],"class_list":["post-3970","post","type-post","status-publish","format-standard","hentry","category-adjudicacion_final","category-anuncio","category-formalizacion-de-contrato","category-licitacion"],"acf":[],"_links":{"self":[{"href":"https:\/\/contratacion.almunecar.es\/index.php?rest_route=\/wp\/v2\/posts\/3970","targetHints":{"allow":["GET"]}}],"collection":[{"href":"https:\/\/contratacion.almunecar.es\/index.php?rest_route=\/wp\/v2\/posts"}],"about":[{"href":"https:\/\/contratacion.almunecar.es\/index.php?rest_route=\/wp\/v2\/types\/post"}],"author":[{"embeddable":true,"href":"https:\/\/contratacion.almunecar.es\/index.php?rest_route=\/wp\/v2\/users\/5"}],"replies":[{"embeddable":true,"href":"https:\/\/contratacion.almunecar.es\/index.php?rest_route=%2Fwp%2Fv2%2Fcomments&post=3970"}],"version-history":[{"count":10,"href":"https:\/\/contratacion.almunecar.es\/index.php?rest_route=\/wp\/v2\/posts\/3970\/revisions"}],"predecessor-version":[{"id":4276,"href":"https:\/\/contratacion.almunecar.es\/index.php?rest_route=\/wp\/v2\/posts\/3970\/revisions\/4276"}],"wp:attachment":[{"href":"https:\/\/contratacion.almunecar.es\/index.php?rest_route=%2Fwp%2Fv2%2Fmedia&parent=3970"}],"wp:term":[{"taxonomy":"category","embeddable":true,"href":"https:\/\/contratacion.almunecar.es\/index.php?rest_route=%2Fwp%2Fv2%2Fcategories&post=3970"},{"taxonomy":"post_tag","embeddable":true,"href":"https:\/\/contratacion.almunecar.es\/index.php?rest_route=%2Fwp%2Fv2%2Ftags&post=3970"}],"curies":[{"name":"wp","href":"https:\/\/api.w.org\/{rel}","templated":true}]}}