{"id":3961,"date":"2021-07-15T12:17:31","date_gmt":"2021-07-15T10:17:31","guid":{"rendered":"https:\/\/contratacion.almunecar.es\/?p=3961"},"modified":"2021-11-12T13:50:31","modified_gmt":"2021-11-12T11:50:31","slug":"expte-44-2021-gest-6341-2021-servicio-de-mantenimiento-y-mano-de-obra-de-reparacion-de-todos-los-componentes-de-los-reemisores-de-tv-propiedad-del-ayuntamiento-de-almunecar","status":"publish","type":"post","link":"https:\/\/contratacion.almunecar.es\/?p=3961","title":{"rendered":"EXPTE. 44-2021 (GEST 6341\/2021): Servicio de mantenimiento y mano de obra de reparaci\u00f3n de todos los componentes de los reemisores de TV, propiedad del Ayuntamiento de Almu\u00f1\u00e9car."},"content":{"rendered":"<p>15\/07\/2021 <a href=\"https:\/\/contratacion.almunecar.es\/wp-content\/uploads\/2021\/07\/PPTP-TDT.pdf\">PPTP TDT<\/a><\/p>\n<p>15\/07\/2021 <a href=\"https:\/\/contratacion.almunecar.es\/wp-content\/uploads\/2021\/07\/PCAP-TDT.pdf\">PCAP TDT<\/a><\/p>\n<p>15\/07\/2021 <a href=\"https:\/\/contratacion.almunecar.es\/wp-content\/uploads\/2021\/07\/APROBACION-E-INICIACION.pdf\">APROBACI\u00d3N E INICIACI\u00d3N<\/a><\/p>\n<p>15\/07\/2021 <a href=\"https:\/\/contratacion.almunecar.es\/wp-content\/uploads\/2021\/07\/INFORME-DE-NECESIDAD-Y-NO-DIVISION-EN-LOTES.pdf\">INFORME DE NECESIDAD Y NO DIVISI\u00d3N EN LOTES<\/a><\/p>\n<p>15\/07\/2021 <a href=\"https:\/\/contratacion.almunecar.es\/wp-content\/uploads\/2021\/07\/DOC_CN2021-049094.pdf\">PLACSP &#8211; Anuncio de licitaci\u00f3n<\/a><\/p>\n<p>15\/07\/2021 <a href=\"https:\/\/contratacion.almunecar.es\/wp-content\/uploads\/2021\/07\/DOC_CD2021-049109.pdf\">PLACSP &#8211; Documento de los pliegos<\/a><\/p>\n<p>Para m\u00e1s informaci\u00f3n y presentaci\u00f3n de ofertas: <a href=\"https:\/\/contrataciondelestado.es\/wps\/poc?uri=deeplink%3Adetalle_licitacion&amp;idEvl=PUsEnIQ227%2FnSoTX3z%2F7wA%3D%3D\">click aqu\u00ed<\/a><\/p>\n<p>20\/08\/2021 <a href=\"https:\/\/contratacion.almunecar.es\/wp-content\/uploads\/2021\/07\/CITACION-MESA-DE-CONTRATACION-2021-08-24.pdf\">CITACION MESA DE CONTRATACION 2021-08-24<\/a><\/p>\n<p>26\/08\/2021 <a href=\"https:\/\/contratacion.almunecar.es\/wp-content\/uploads\/2021\/07\/ACTA-MESA-DE-CONTRATACIoN-2021-08-24.pdf\">ACTA MESA DE CONTRATACI\u00d3N 2021-08-24<\/a><\/p>\n<p>27\/08\/2021 <a href=\"https:\/\/contratacion.almunecar.es\/wp-content\/uploads\/2021\/07\/DOC_AN_GEN2021-NOT-02299297.pdf\">Comunicaci\u00f3n Justificaci\u00f3n OAB y Subsanaci\u00f3n DEUC<\/a><\/p>\n<p>08\/09\/2021 <a href=\"https:\/\/contratacion.almunecar.es\/wp-content\/uploads\/2021\/07\/CITACION-MESA-DE-CONTRATACION-2021-09-10.pdf\">CITACION MESA DE CONTRATACION 2021-09-10<\/a><\/p>\n<p>04\/10\/2021 <a href=\"https:\/\/contratacion.almunecar.es\/wp-content\/uploads\/2021\/07\/AJGL-REQUERIMIENTO-DE-DOCUMENTACI\u00d3N-TDT.pdf\">AJGL &#8211; REQUERIMIENTO DE DOCUMENTACI\u00d3N TDT<\/a><\/p>\n<p>04\/10\/2021 <a href=\"https:\/\/contratacion.almunecar.es\/wp-content\/uploads\/2021\/07\/PLACSP-COMUNICACI\u00d3N-REQUERIMIENTO-DE-DOC.-TDT.pdf\">PLACSP &#8211; COMUNICACI\u00d3N REQUERIMIENTO DE DOC. TDT<\/a><\/p>\n<p>10\/11\/2021 <a href=\"https:\/\/contratacion.almunecar.es\/wp-content\/uploads\/2021\/09\/Adjudicacion-tdt.pdf\">AJGL 27\/10\/2021 Adjudicaci\u00f3n<\/a><\/p>\n<p>10\/11\/2021 <a href=\"https:\/\/contratacion.almunecar.es\/wp-content\/uploads\/2021\/09\/DOC_CAN_ADJ2021-435357.pdf\">PLACSP &#8211; Adjudicaci\u00f3n<\/a><\/p>\n<p>10\/11\/2021 <a href=\"https:\/\/contratacion.almunecar.es\/wp-content\/uploads\/2021\/09\/PLACSP-Comunicaci\u00f3n-Adjudicaci\u00f3n.pdf\">PLACSP &#8211; Comunicaci\u00f3n Adjudicaci\u00f3n<\/a><\/p>\n<p>12\/11\/2021 <a href=\"https:\/\/contratacion.almunecar.es\/wp-content\/uploads\/2021\/07\/DOC_FORM2021-447734.pdf\">PLACSP &#8211; Anuncio de Formalizaci\u00f3n<\/a><\/p>\n<p>&nbsp;<\/p>\n","protected":false},"excerpt":{"rendered":"<p>15\/07\/2021 PPTP TDT 15\/07\/2021 PCAP TDT 15\/07\/2021 APROBACI\u00d3N E INICIACI\u00d3N 15\/07\/2021 INFORME DE NECESIDAD Y NO DIVISI\u00d3N EN LOTES 15\/07\/2021 PLACSP &#8211; Anuncio de licitaci\u00f3n 15\/07\/2021 PLACSP &#8211; Documento de los pliegos Para m\u00e1s informaci\u00f3n y presentaci\u00f3n de ofertas: click aqu\u00ed 20\/08\/2021 CITACION MESA DE CONTRATACION 2021-08-24 26\/08\/2021 ACTA MESA DE CONTRATACI\u00d3N 2021-08-24 27\/08\/2021 Comunicaci\u00f3n&hellip; <br \/> <a class=\"button small blue\" href=\"https:\/\/contratacion.almunecar.es\/?p=3961\">Leer m\u00e1s<\/a><\/p>\n","protected":false},"author":5,"featured_media":0,"comment_status":"closed","ping_status":"closed","sticky":false,"template":"","format":"standard","meta":{"_acf_changed":false,"footnotes":""},"categories":[5,3,7,4],"tags":[],"class_list":["post-3961","post","type-post","status-publish","format-standard","hentry","category-adjudicacion_final","category-anuncio","category-formalizacion","category-licitacion"],"acf":[],"_links":{"self":[{"href":"https:\/\/contratacion.almunecar.es\/index.php?rest_route=\/wp\/v2\/posts\/3961","targetHints":{"allow":["GET"]}}],"collection":[{"href":"https:\/\/contratacion.almunecar.es\/index.php?rest_route=\/wp\/v2\/posts"}],"about":[{"href":"https:\/\/contratacion.almunecar.es\/index.php?rest_route=\/wp\/v2\/types\/post"}],"author":[{"embeddable":true,"href":"https:\/\/contratacion.almunecar.es\/index.php?rest_route=\/wp\/v2\/users\/5"}],"replies":[{"embeddable":true,"href":"https:\/\/contratacion.almunecar.es\/index.php?rest_route=%2Fwp%2Fv2%2Fcomments&post=3961"}],"version-history":[{"count":9,"href":"https:\/\/contratacion.almunecar.es\/index.php?rest_route=\/wp\/v2\/posts\/3961\/revisions"}],"predecessor-version":[{"id":4377,"href":"https:\/\/contratacion.almunecar.es\/index.php?rest_route=\/wp\/v2\/posts\/3961\/revisions\/4377"}],"wp:attachment":[{"href":"https:\/\/contratacion.almunecar.es\/index.php?rest_route=%2Fwp%2Fv2%2Fmedia&parent=3961"}],"wp:term":[{"taxonomy":"category","embeddable":true,"href":"https:\/\/contratacion.almunecar.es\/index.php?rest_route=%2Fwp%2Fv2%2Fcategories&post=3961"},{"taxonomy":"post_tag","embeddable":true,"href":"https:\/\/contratacion.almunecar.es\/index.php?rest_route=%2Fwp%2Fv2%2Ftags&post=3961"}],"curies":[{"name":"wp","href":"https:\/\/api.w.org\/{rel}","templated":true}]}}