{"id":3952,"date":"2021-07-14T10:00:39","date_gmt":"2021-07-14T08:00:39","guid":{"rendered":"https:\/\/contratacion.almunecar.es\/?p=3952"},"modified":"2021-07-21T08:52:58","modified_gmt":"2021-07-21T06:52:58","slug":"expte-59-2021-gest-7611-2021-obras-e-instalacion-por-sustitucion-de-ascensor-en-el-centro-de-servicios-sociales-de-almunecar","status":"publish","type":"post","link":"https:\/\/contratacion.almunecar.es\/?p=3952","title":{"rendered":"EXPTE. 59\/2021 (GEST 7611\/2021): OBRAS E INSTALACI\u00d3N POR SUSTITUCI\u00d3N DE ASCENSOR EN EL CENTRO DE SERVICIOS SOCIALES DE ALMU\u00d1\u00c9CAR"},"content":{"rendered":"<p>14\/07\/2021 <a href=\"https:\/\/contratacion.almunecar.es\/wp-content\/uploads\/2021\/07\/INFORME-DE-NECESIDAD-Y-PRESUPUESTO-SUSTITUCI\u00d3N-ASCENSOR-SERVICIOS-SOCIALES.pdf\">INFORME DE NECESIDAD Y PRESUPUESTO SUSTITUCI\u00d3N ASCENSOR SERVICIOS SOCIALES<\/a><\/p>\n<p>&nbsp;<\/p>\n<p>Actualizaci\u00f3n: Se ampl\u00eda el plazo de presentaci\u00f3n de presupuestos hasta el 26\/07\/2021.<\/p>\n<p>&nbsp;<\/p>\n<p>&nbsp;<\/p>\n","protected":false},"excerpt":{"rendered":"<p>14\/07\/2021 INFORME DE NECESIDAD Y PRESUPUESTO SUSTITUCI\u00d3N ASCENSOR SERVICIOS SOCIALES &nbsp; Actualizaci\u00f3n: Se ampl\u00eda el plazo de presentaci\u00f3n de presupuestos hasta el 26\/07\/2021. &nbsp; &nbsp;<\/p>\n","protected":false},"author":5,"featured_media":0,"comment_status":"closed","ping_status":"closed","sticky":false,"template":"","format":"standard","meta":{"_acf_changed":false,"footnotes":""},"categories":[3,10],"tags":[],"class_list":["post-3952","post","type-post","status-publish","format-standard","hentry","category-anuncio","category-menores"],"acf":[],"_links":{"self":[{"href":"https:\/\/contratacion.almunecar.es\/index.php?rest_route=\/wp\/v2\/posts\/3952","targetHints":{"allow":["GET"]}}],"collection":[{"href":"https:\/\/contratacion.almunecar.es\/index.php?rest_route=\/wp\/v2\/posts"}],"about":[{"href":"https:\/\/contratacion.almunecar.es\/index.php?rest_route=\/wp\/v2\/types\/post"}],"author":[{"embeddable":true,"href":"https:\/\/contratacion.almunecar.es\/index.php?rest_route=\/wp\/v2\/users\/5"}],"replies":[{"embeddable":true,"href":"https:\/\/contratacion.almunecar.es\/index.php?rest_route=%2Fwp%2Fv2%2Fcomments&post=3952"}],"version-history":[{"count":4,"href":"https:\/\/contratacion.almunecar.es\/index.php?rest_route=\/wp\/v2\/posts\/3952\/revisions"}],"predecessor-version":[{"id":3986,"href":"https:\/\/contratacion.almunecar.es\/index.php?rest_route=\/wp\/v2\/posts\/3952\/revisions\/3986"}],"wp:attachment":[{"href":"https:\/\/contratacion.almunecar.es\/index.php?rest_route=%2Fwp%2Fv2%2Fmedia&parent=3952"}],"wp:term":[{"taxonomy":"category","embeddable":true,"href":"https:\/\/contratacion.almunecar.es\/index.php?rest_route=%2Fwp%2Fv2%2Fcategories&post=3952"},{"taxonomy":"post_tag","embeddable":true,"href":"https:\/\/contratacion.almunecar.es\/index.php?rest_route=%2Fwp%2Fv2%2Ftags&post=3952"}],"curies":[{"name":"wp","href":"https:\/\/api.w.org\/{rel}","templated":true}]}}