{"id":3933,"date":"2021-07-09T13:39:18","date_gmt":"2021-07-09T11:39:18","guid":{"rendered":"https:\/\/contratacion.almunecar.es\/?p=3933"},"modified":"2021-11-23T10:39:20","modified_gmt":"2021-11-23T08:39:20","slug":"expte-43-2021-gest-6277-2021-obras-del-plan-de-reposicion-y-mejora-de-vias-publicas-en-almunecar","status":"publish","type":"post","link":"https:\/\/contratacion.almunecar.es\/?p=3933","title":{"rendered":"EXPTE. 43\/2021 (GEST. 6277\/2021): OBRAS DEL PLAN DE REPOSICI\u00d3N Y MEJORA DE V\u00cdAS P\u00daBLICAS EN ALMU\u00d1\u00c9CAR"},"content":{"rendered":"<p>09\/07\/2021 <a href=\"https:\/\/contratacion.almunecar.es\/wp-content\/uploads\/2021\/07\/INFORME-NECESIDAD-Y-NO-DIVISION-EN-LOTES-OBRAS-PLAN-MEJORA-VIAS-PUBLICAS.pdf\">INFORME NECESIDAD Y NO DIVISION EN LOTES OBRAS PLAN MEJORA VIAS PUBLICAS<\/a><\/p>\n<p>09\/07\/2021 <a href=\"https:\/\/contratacion.almunecar.es\/wp-content\/uploads\/2021\/07\/PPTP-OBRAS-PLAN-MEJORA-VIAS-PUBLICAS.pdf\">PPTP OBRAS PLAN MEJORA VIAS PUBLICAS<\/a><\/p>\n<p>09\/07\/2021 <a href=\"https:\/\/contratacion.almunecar.es\/wp-content\/uploads\/2021\/07\/PCAP-PLAN-REPOSICION-Y-MEJORA-DE-VIAS-PUBLICAS.pdf\">PCAP PLAN REPOSICION Y MEJORA DE VIAS PUBLICAS<\/a><\/p>\n<p>09\/07\/2021 <a href=\"https:\/\/contratacion.almunecar.es\/wp-content\/uploads\/2021\/07\/AJGL.-APROBACION-E-INICIACION-OBRAS-PLAN-MEJORA-VIAS-PUBLICAS.pdf\">AJGL. APROBACION E INICIACION OBRAS PLAN MEJORA VIAS PUBLICAS<\/a><\/p>\n<p>09\/07\/2021 <a href=\"https:\/\/contratacion.almunecar.es\/wp-content\/uploads\/2021\/07\/PLACSP-Anuncio-de-Licitaci\u00f3n.pdf\">PLACSP &#8211; Anuncio de Licitaci\u00f3n<\/a><\/p>\n<p>09\/07\/2021 <a href=\"https:\/\/contratacion.almunecar.es\/wp-content\/uploads\/2021\/07\/PLACSP-Documento-de-Pliegos.pdf\">PLACSP &#8211; Documento de Pliegos<\/a><\/p>\n<p>Para m\u00e1s informaci\u00f3n y presentaci\u00f3n de Ofertas: <a href=\"https:\/\/contrataciondelestado.es\/wps\/poc?uri=deeplink%3Adetalle_licitacion&amp;idEvl=ZaDa%2FYZkP13nSoTX3z%2F7wA%3D%3D\">click aqu\u00ed<\/a><\/p>\n<p>20\/08\/2021 <a href=\"https:\/\/contratacion.almunecar.es\/wp-content\/uploads\/2021\/07\/CITACION-MESA-DE-CONTRATACION-2021-08-24.pdf\">CITACION MESA DE CONTRATACION 2021-08-24<\/a><\/p>\n<p>26\/08\/2021 <a href=\"https:\/\/contratacion.almunecar.es\/wp-content\/uploads\/2021\/07\/ACTA-MESA-DE-CONTRATACIoN-2021-08-24.pdf\">ACTA MESA DE CONTRATACI\u00d3N 2021-08-24<\/a><\/p>\n<p>01\/09\/2021 <a href=\"https:\/\/contratacion.almunecar.es\/wp-content\/uploads\/2021\/07\/CITACION-MESA-DE-CONTRATACION-2021-09-03.pdf\">CITACION MESA DE CONTRATACION 2021-09-03<\/a><\/p>\n<p>03\/09\/2021 <a href=\"https:\/\/contratacion.almunecar.es\/wp-content\/uploads\/2021\/07\/ACTA-MESA-DE-CONTRATACIoN-20210903.pdf\">ACTA MESA DE CONTRATACI\u00d3N 2021-09-03<\/a><\/p>\n<p>17\/09\/2021 <a href=\"https:\/\/contratacion.almunecar.es\/wp-content\/uploads\/2021\/07\/AN_DOCREQ2021-NOT-02346574.pdf\">Comunicaci\u00f3n Requerimiento de Documentaci\u00f3n<\/a><\/p>\n<p>07\/10\/2021 <a href=\"https:\/\/contratacion.almunecar.es\/wp-content\/uploads\/2021\/07\/Requerimiento-SOINOB.pdf\">Requerimiento de documentaci\u00f3n SOINOB<\/a><\/p>\n<p>07\/10\/2021 <a href=\"https:\/\/contratacion.almunecar.es\/wp-content\/uploads\/2021\/07\/AN_DOCREQ2021-NOT-02395288.pdf\">Comunicaci\u00f3n Requerimiento de documentaci\u00f3n SOINOB<\/a><\/p>\n<p>29\/10\/2021 <a href=\"https:\/\/contratacion.almunecar.es\/wp-content\/uploads\/2021\/07\/AN_DOCREQ2021-NOT-02452114.pdf\">Requerimiento de documentaci\u00f3n<\/a><\/p>\n<p>12\/11\/2021 <a href=\"https:\/\/contratacion.almunecar.es\/wp-content\/uploads\/2021\/07\/AJGL-adjudicacion-albaida.pdf\">AJGL adjudicaci\u00f3n<\/a><\/p>\n<p>12\/11\/2021 <a href=\"https:\/\/contratacion.almunecar.es\/wp-content\/uploads\/2021\/07\/DOC_CAN_ADJ2021-447554.pdf\">PLACSP &#8211; Anuncio de Adjudicaci\u00f3n<\/a><\/p>\n<p>23\/11\/2021 <a href=\"https:\/\/contratacion.almunecar.es\/wp-content\/uploads\/2021\/07\/DOC_FORM2021-482640.pdf\">PLACSP &#8211; Anuncio formalizaci\u00f3n<\/a><\/p>\n","protected":false},"excerpt":{"rendered":"<p>09\/07\/2021 INFORME NECESIDAD Y NO DIVISION EN LOTES OBRAS PLAN MEJORA VIAS PUBLICAS 09\/07\/2021 PPTP OBRAS PLAN MEJORA VIAS PUBLICAS 09\/07\/2021 PCAP PLAN REPOSICION Y MEJORA DE VIAS PUBLICAS 09\/07\/2021 AJGL. APROBACION E INICIACION OBRAS PLAN MEJORA VIAS PUBLICAS 09\/07\/2021 PLACSP &#8211; Anuncio de Licitaci\u00f3n 09\/07\/2021 PLACSP &#8211; Documento de Pliegos Para m\u00e1s informaci\u00f3n y&hellip; <br \/> <a class=\"button small blue\" href=\"https:\/\/contratacion.almunecar.es\/?p=3933\">Leer m\u00e1s<\/a><\/p>\n","protected":false},"author":5,"featured_media":0,"comment_status":"closed","ping_status":"closed","sticky":false,"template":"","format":"standard","meta":{"_acf_changed":false,"footnotes":""},"categories":[5,3,7,4],"tags":[],"class_list":["post-3933","post","type-post","status-publish","format-standard","hentry","category-adjudicacion_final","category-anuncio","category-formalizacion","category-licitacion"],"acf":[],"_links":{"self":[{"href":"https:\/\/contratacion.almunecar.es\/index.php?rest_route=\/wp\/v2\/posts\/3933","targetHints":{"allow":["GET"]}}],"collection":[{"href":"https:\/\/contratacion.almunecar.es\/index.php?rest_route=\/wp\/v2\/posts"}],"about":[{"href":"https:\/\/contratacion.almunecar.es\/index.php?rest_route=\/wp\/v2\/types\/post"}],"author":[{"embeddable":true,"href":"https:\/\/contratacion.almunecar.es\/index.php?rest_route=\/wp\/v2\/users\/5"}],"replies":[{"embeddable":true,"href":"https:\/\/contratacion.almunecar.es\/index.php?rest_route=%2Fwp%2Fv2%2Fcomments&post=3933"}],"version-history":[{"count":12,"href":"https:\/\/contratacion.almunecar.es\/index.php?rest_route=\/wp\/v2\/posts\/3933\/revisions"}],"predecessor-version":[{"id":4476,"href":"https:\/\/contratacion.almunecar.es\/index.php?rest_route=\/wp\/v2\/posts\/3933\/revisions\/4476"}],"wp:attachment":[{"href":"https:\/\/contratacion.almunecar.es\/index.php?rest_route=%2Fwp%2Fv2%2Fmedia&parent=3933"}],"wp:term":[{"taxonomy":"category","embeddable":true,"href":"https:\/\/contratacion.almunecar.es\/index.php?rest_route=%2Fwp%2Fv2%2Fcategories&post=3933"},{"taxonomy":"post_tag","embeddable":true,"href":"https:\/\/contratacion.almunecar.es\/index.php?rest_route=%2Fwp%2Fv2%2Ftags&post=3933"}],"curies":[{"name":"wp","href":"https:\/\/api.w.org\/{rel}","templated":true}]}}