{"id":3857,"date":"2021-06-22T12:17:44","date_gmt":"2021-06-22T10:17:44","guid":{"rendered":"https:\/\/contratacion.almunecar.es\/?p=3857"},"modified":"2021-09-22T08:38:30","modified_gmt":"2021-09-22T06:38:30","slug":"expte-34-2020-gest-2383-2020-contrato-de-suministro-de-senales-verticales-de-trafico-otros-elementos-de-senalizacion-y-balizamiento-para-el-excmo-ayuntamiento-de-almunecar","status":"publish","type":"post","link":"https:\/\/contratacion.almunecar.es\/?p=3857","title":{"rendered":"EXPTE. 34\/2020 (GEST. 2383\/2020): CONTRATO DE SUMINISTRO DE SE\u00d1ALES VERTICALES DE TR\u00c1FICO, OTROS ELEMENTOS DE SE\u00d1ALIZACI\u00d3N Y BALIZAMIENTO PARA EL EXCMO. AYUNTAMIENTO DE ALMU\u00d1\u00c9CAR"},"content":{"rendered":"<p>22\/06\/2021 <a href=\"https:\/\/contratacion.almunecar.es\/wp-content\/uploads\/2021\/06\/INFORME-NECESIDAD-E-IDONEIDAD-SE\u00d1ALES-VERTICALES-TRAFICO.pdf\">INFORME NECESIDAD E IDONEIDAD SE\u00d1ALES VERTICALES TRAFICO<\/a><\/p>\n<p>22\/06\/2021 <a href=\"https:\/\/contratacion.almunecar.es\/wp-content\/uploads\/2021\/06\/INFORME-DE-NO-DIVISION-EN-LOTES-SE\u00d1ALES-VERTICALES-TRAFICO.pdf\">INFORME DE NO DIVISION EN LOTES SE\u00d1ALES VERTICALES TRAFICO<\/a><\/p>\n<p>22\/06\/2021 <a href=\"https:\/\/contratacion.almunecar.es\/wp-content\/uploads\/2021\/06\/PCAP-SE\u00d1ALES-VERTICALES-TRAFICO.pdf\">PCAP SE\u00d1ALES VERTICALES TRAFICO<\/a><\/p>\n<p>22\/06\/2021 <a href=\"https:\/\/contratacion.almunecar.es\/wp-content\/uploads\/2021\/06\/PPT-SE\u00d1ALES-VERTICALES-TRAFICO.pdf\">PPT SE\u00d1ALES VERTICALES TRAFICO<\/a><\/p>\n<p>22\/06\/2021 <a href=\"https:\/\/contratacion.almunecar.es\/wp-content\/uploads\/2021\/06\/AJGL-APROBACION-E-INICIACION-DEL-EXPEDIENTE-SE\u00d1ALES-TRAFICO-1.pdf\">AJGL APROBACION E INICIACION DEL EXPEDIENTE SE\u00d1ALES TRAFICO<\/a><\/p>\n<p>22\/06\/2021 <a href=\"https:\/\/contratacion.almunecar.es\/wp-content\/uploads\/2021\/06\/PLACSP-Anuncio-de-Licitaci\u00f3n-Se\u00f1ales-Verticales-Tr\u00e1fico-1.pdf\">PLACSP &#8211; Anuncio de Licitaci\u00f3n Se\u00f1ales Verticales Tr\u00e1fico<\/a><\/p>\n<p>22\/06\/2021 <a href=\"https:\/\/contratacion.almunecar.es\/wp-content\/uploads\/2021\/06\/PLACSP-Documento-de-Pliegos-Se\u00f1ales-Verticales-Tr\u00e1fico.pdf\">PLACSP &#8211; Documento de Pliegos Se\u00f1ales Verticales Tr\u00e1fico<\/a><\/p>\n<p>Para m\u00e1s informaci\u00f3n y presentaci\u00f3n de Ofertas: <a href=\"https:\/\/contrataciondelestado.es\/wps\/poc?uri=deeplink%3Adetalle_licitacion&amp;idEvl=MNRuFtu55clvYnTkQN0%2FZA%3D%3D\">click aqu\u00ed<\/a><\/p>\n<p>28\/07\/2021 <a href=\"https:\/\/contratacion.almunecar.es\/wp-content\/uploads\/2021\/06\/CITACION-MESA-DE-CONTRATACION-2021-07-30.pdf\">CITACION MESA DE CONTRATACION 2021-07-30<\/a><\/p>\n<p>19\/08\/2021 <a href=\"https:\/\/contratacion.almunecar.es\/wp-content\/uploads\/2021\/06\/acta-30072021-1.pdf\">Acta Mesa de Contrataci\u00f3n 30\/07\/2021<\/a><\/p>\n<p>20\/08\/2021 <a href=\"https:\/\/contratacion.almunecar.es\/wp-content\/uploads\/2021\/07\/CITACION-MESA-DE-CONTRATACION-2021-08-24.pdf\">CITACION MESA DE CONTRATACION 2021-08-24<\/a><\/p>\n<p>26\/08\/2021 <a href=\"https:\/\/contratacion.almunecar.es\/wp-content\/uploads\/2021\/07\/ACTA-MESA-DE-CONTRATACIoN-2021-08-24.pdf\">ACTA MESA DE CONTRATACI\u00d3N 2021-08-24<\/a><\/p>\n<p>26\/08\/2021 <a href=\"https:\/\/contratacion.almunecar.es\/wp-content\/uploads\/2021\/06\/AN_DOCREQ2021-NOT-02297994.pdf\">Comunicaci\u00f3n Requerimiento de documentaci\u00f3n TEVASE\u00d1AL<\/a><\/p>\n<p>20\/09\/2021 <a href=\"https:\/\/contratacion.almunecar.es\/wp-content\/uploads\/2021\/06\/CERTIFICACION-DE-GOBIERNO-SE\u00d1ALES-DE-TR\u00c1FICO.pdf\">CERTIFICACI\u00d3N DE GOBIERNO ADJUDICACI\u00d3N SE\u00d1ALES DE TR\u00c1FICO<\/a><\/p>\n<p>20\/09\/2021 <a href=\"https:\/\/contratacion.almunecar.es\/wp-content\/uploads\/2021\/06\/PLACSP-ADJUDICACI\u00d3N-1.pdf\">PLACSP &#8211; ANUNCIO DE ADJUDICACI\u00d3N<\/a><\/p>\n<p>22\/09\/2021 <a href=\"https:\/\/contratacion.almunecar.es\/wp-content\/uploads\/2021\/06\/DOC_FORM2021-274235.pdf\">PLACSP &#8211; Anuncio de Formalizaci\u00f3n<\/a><\/p>\n<p>&nbsp;<\/p>\n<p>&nbsp;<\/p>\n<p>&nbsp;<\/p>\n","protected":false},"excerpt":{"rendered":"<p>22\/06\/2021 INFORME NECESIDAD E IDONEIDAD SE\u00d1ALES VERTICALES TRAFICO 22\/06\/2021 INFORME DE NO DIVISION EN LOTES SE\u00d1ALES VERTICALES TRAFICO 22\/06\/2021 PCAP SE\u00d1ALES VERTICALES TRAFICO 22\/06\/2021 PPT SE\u00d1ALES VERTICALES TRAFICO 22\/06\/2021 AJGL APROBACION E INICIACION DEL EXPEDIENTE SE\u00d1ALES TRAFICO 22\/06\/2021 PLACSP &#8211; Anuncio de Licitaci\u00f3n Se\u00f1ales Verticales Tr\u00e1fico 22\/06\/2021 PLACSP &#8211; Documento de Pliegos Se\u00f1ales Verticales Tr\u00e1fico&hellip; <br \/> <a class=\"button small blue\" href=\"https:\/\/contratacion.almunecar.es\/?p=3857\">Leer m\u00e1s<\/a><\/p>\n","protected":false},"author":5,"featured_media":0,"comment_status":"closed","ping_status":"closed","sticky":false,"template":"","format":"standard","meta":{"_acf_changed":false,"footnotes":""},"categories":[5,3,4],"tags":[],"class_list":["post-3857","post","type-post","status-publish","format-standard","hentry","category-adjudicacion_final","category-anuncio","category-licitacion"],"acf":[],"_links":{"self":[{"href":"https:\/\/contratacion.almunecar.es\/index.php?rest_route=\/wp\/v2\/posts\/3857","targetHints":{"allow":["GET"]}}],"collection":[{"href":"https:\/\/contratacion.almunecar.es\/index.php?rest_route=\/wp\/v2\/posts"}],"about":[{"href":"https:\/\/contratacion.almunecar.es\/index.php?rest_route=\/wp\/v2\/types\/post"}],"author":[{"embeddable":true,"href":"https:\/\/contratacion.almunecar.es\/index.php?rest_route=\/wp\/v2\/users\/5"}],"replies":[{"embeddable":true,"href":"https:\/\/contratacion.almunecar.es\/index.php?rest_route=%2Fwp%2Fv2%2Fcomments&post=3857"}],"version-history":[{"count":10,"href":"https:\/\/contratacion.almunecar.es\/index.php?rest_route=\/wp\/v2\/posts\/3857\/revisions"}],"predecessor-version":[{"id":4220,"href":"https:\/\/contratacion.almunecar.es\/index.php?rest_route=\/wp\/v2\/posts\/3857\/revisions\/4220"}],"wp:attachment":[{"href":"https:\/\/contratacion.almunecar.es\/index.php?rest_route=%2Fwp%2Fv2%2Fmedia&parent=3857"}],"wp:term":[{"taxonomy":"category","embeddable":true,"href":"https:\/\/contratacion.almunecar.es\/index.php?rest_route=%2Fwp%2Fv2%2Fcategories&post=3857"},{"taxonomy":"post_tag","embeddable":true,"href":"https:\/\/contratacion.almunecar.es\/index.php?rest_route=%2Fwp%2Fv2%2Ftags&post=3857"}],"curies":[{"name":"wp","href":"https:\/\/api.w.org\/{rel}","templated":true}]}}