{"id":3855,"date":"2021-06-22T12:24:29","date_gmt":"2021-06-22T10:24:29","guid":{"rendered":"https:\/\/contratacion.almunecar.es\/?p=3855"},"modified":"2021-11-12T13:22:58","modified_gmt":"2021-11-12T11:22:58","slug":"expte-34-2021-gest-5313-2021-servicios-de-mantenimiento-conservacion-y-mejora-de-parques-y-zonas-verdes-del-municipio-de-almunecar","status":"publish","type":"post","link":"https:\/\/contratacion.almunecar.es\/?p=3855","title":{"rendered":"EXPTE. 34-2021 (GEST 5313\/2021): SERVICIOS DE MANTENIMIENTO, CONSERVACI\u00d3N Y MEJORA DE PARQUES Y ZONAS VERDES DEL MUNICIPIO DE ALMU\u00d1\u00c9CAR"},"content":{"rendered":"<p>22\/06\/2021 <a href=\"https:\/\/contratacion.almunecar.es\/wp-content\/uploads\/2021\/06\/20210511_Informe_Informe_INFORME-NECESIDAD.CONTRATACI\u00d3N-EXTERNA.JARDINES.pdf\">INFORME NECESIDAD.CONTRATACI\u00d3N EXTERNA.JARDINES<\/a><\/p>\n<p>22\/06\/2021 <a href=\"https:\/\/contratacion.almunecar.es\/wp-content\/uploads\/2021\/06\/Informe-no-lotes.pdf\">Informe no lotes<\/a><\/p>\n<p>22\/06\/2021 <a href=\"https:\/\/contratacion.almunecar.es\/wp-content\/uploads\/2021\/06\/20210614_Informe_Informe-t\u00e9cnico_MEMORIA-JUSTIFICATIVA-SERVICIO-DE-CONSERVACI\u00d3N-Y-MEJORA-DE-ZONAS-VERDES.11.6.21.pdf\">MEMORIA JUSTIFICATIVA SERVICIO DE CONSERVACI\u00d3N Y MEJORA DE ZONAS VERDES.11.6.21<\/a><\/p>\n<p>22\/06\/2021 <a href=\"https:\/\/contratacion.almunecar.es\/wp-content\/uploads\/2021\/06\/20210614_Otros_Memoria-t\u00e9cnica_PPT-CONSERVACI\u00d3N-Y-MEJORA-DE-ZONAS-AJARDINADAS-DE-ALMU\u00d1\u00c9CAR.11.6.21-2.pdf\">PPT CONSERVACI\u00d3N Y MEJORA DE ZONAS AJARDINADAS DE ALMU\u00d1\u00c9CAR.11.6.21\u00a0<\/a><\/p>\n<p>22\/06\/2021 <a href=\"https:\/\/contratacion.almunecar.es\/wp-content\/uploads\/2021\/06\/20210511_Otros_Inventario_ANEXO-I.-Inventario-Vegetacion-1.pdf\">ANEXO I. Inventario Vegetacion<\/a><\/p>\n<p>22\/06\/2021 <a href=\"https:\/\/contratacion.almunecar.es\/wp-content\/uploads\/2021\/06\/20210511_ANEXO-II.ALMU\u00d1ECAR_INVENTARIO-JARDINER\u00cdA-RIEGO-1.zip\">ANEXO II.ALMU\u00d1ECAR_INVENTARIO JARDINER\u00cdA RIEGO (1)<\/a><\/p>\n<p>22\/06\/2021 <a href=\"https:\/\/contratacion.almunecar.es\/wp-content\/uploads\/2021\/06\/20210511_ANEXO-III.-VIVERO-MUNICIPAL-1.odt\">20210511_ANEXO III. VIVERO MUNICIPAL (1)<\/a><\/p>\n<p>22\/06\/2021 <a href=\"https:\/\/contratacion.almunecar.es\/wp-content\/uploads\/2021\/06\/20210614_Contrato_Pliego-de-cl\u00e1usulas_PLIEGO-ADMINI.-SERVICIO-JARDINER\u00cdA-modificado.pdf\">PLIEGO ADMINI. SERVICIO JARDINER\u00cdA<\/a><\/p>\n<p>22\/06\/2021 <a href=\"https:\/\/contratacion.almunecar.es\/wp-content\/uploads\/2021\/06\/20210610_Acuerdo_CERTIFICAGOBIERNO-Ord.12\u00ba-Serv.-Mantenimiento-Parques.-2.pdf\">Aprobaci\u00f3n e e iniciaci\u00f3n de expediente<\/a><\/p>\n<p>22\/06\/2021 <a href=\"https:\/\/contratacion.almunecar.es\/wp-content\/uploads\/2021\/06\/20210614_Resoluci\u00f3n_Decreto_DECRETO-2021-2320-Resoluci\u00f3n-de-Rectificaci\u00f3n-Pliego-admin-Y-T\u00c9CNICO.pdf\">DECRETO 2021-2320 [Resoluci\u00f3n de Rectificaci\u00f3n Pliego admin Y T\u00c9CNICO]<\/a><\/p>\n<p>22\/06\/2021 <a href=\"https:\/\/contratacion.almunecar.es\/wp-content\/uploads\/2021\/06\/2021-OJS119-314262-es.pdf\">Anuncio DOUE<\/a><\/p>\n<p>22\/06\/2021 <a href=\"https:\/\/contratacion.almunecar.es\/wp-content\/uploads\/2021\/06\/DOC_CN2021-969254.pdf\">PLACSP &#8211; Anuncio Licitaci\u00f3n<\/a><\/p>\n<p>22\/06\/2021 <a href=\"https:\/\/contratacion.almunecar.es\/wp-content\/uploads\/2021\/06\/DOC_CD2021-982088.pdf\">PLACSP &#8211; Documento de los pliegos<\/a><\/p>\n<p>Para m\u00e1s informaci\u00f3n y presentaci\u00f3n de ofertas: <a href=\"https:\/\/contrataciondelestado.es\/wps\/poc?uri=deeplink%3Adetalle_licitacion&amp;idEvl=YsdhYKMTh7t7h85%2Fpmmsfw%3D%3D\">click aqu\u00ed<\/a><\/p>\n<p>28\/06\/2021 <a href=\"https:\/\/contratacion.almunecar.es\/wp-content\/uploads\/2021\/06\/CONVOCATORIA-VISITA-INSTALACIONES.pdf\">CONVOCATORIA VISITA INSTALACIONES<\/a><\/p>\n<p>15\/07\/2021 <a href=\"https:\/\/contratacion.almunecar.es\/wp-content\/uploads\/2021\/06\/UEVA-CONVOCATORIA-VISITA-INSTALACIONES.pdf\">NUEVA CONVOCATORIA VISITA INSTALACIONES<\/a><\/p>\n<p>28\/07\/2021 <a href=\"https:\/\/contratacion.almunecar.es\/wp-content\/uploads\/2021\/06\/CITACION-MESA-DE-CONTRATACION-2021-07-30.pdf\">CITACION MESA DE CONTRATACION 2021-07-30<\/a><\/p>\n<p>18\/08\/2021 <a href=\"https:\/\/contratacion.almunecar.es\/wp-content\/uploads\/2021\/06\/acta-30072021.pdf\">Acta Mesa de Contrataci\u00f3n 30072021<\/a><\/p>\n<p>18\/08\/2021 <a href=\"https:\/\/contratacion.almunecar.es\/wp-content\/uploads\/2021\/06\/DOC_AN_GEN2021-NOT-02284072-Talher.pdf\">Comunicaci\u00f3n Justificaci\u00f3n OAB Talher<\/a><\/p>\n<p>18\/08\/2021 <a href=\"https:\/\/contratacion.almunecar.es\/wp-content\/uploads\/2021\/06\/DOC_AN_GEN2021-NOT-02284105-Avanza.pdf\">Comunicaci\u00f3n Justificaci\u00f3n OAB Avanza<\/a><\/p>\n<p>23\/09\/2021 <a href=\"https:\/\/contratacion.almunecar.es\/wp-content\/uploads\/2021\/06\/CITACION-MESA-DE-CONTRATACION-20210927.pdf\">CITACION MESA DE CONTRATACION 20210927<\/a><\/p>\n<p>14\/10\/2021 <a href=\"https:\/\/contratacion.almunecar.es\/wp-content\/uploads\/2021\/06\/ACTA-MESA-DE-CONTRATACION-2021-09-27.pdf\">ACTA MESA DE CONTRATACION 2021-09-27<\/a><\/p>\n<p>25\/10\/2021 <a href=\"https:\/\/contratacion.almunecar.es\/wp-content\/uploads\/2021\/06\/AJGL-REQUERIMIENTO-DE-DOCUMENTACI\u00d3N.pdf\">AJGL &#8211; REQUERIMIENTO DE DOCUMENTACI\u00d3N<\/a><\/p>\n<p>25\/10\/2021 <a href=\"https:\/\/contratacion.almunecar.es\/wp-content\/uploads\/2021\/06\/PLACSP-REQUERIMIENTO-DE-DOCUMENTACI\u00d3N.pdf\">PLACSP &#8211; REQUERIMIENTO DE DOCUMENTACI\u00d3N<\/a><\/p>\n<p>12\/11\/2021 <a href=\"https:\/\/contratacion.almunecar.es\/wp-content\/uploads\/2021\/06\/Adjudicacion-parques.pdf\">Acuerdo de Junta de Gobierno Local &#8211; Adjudicaci\u00f3n<\/a><\/p>\n<p>12\/11\/2021 <a href=\"https:\/\/contratacion.almunecar.es\/wp-content\/uploads\/2021\/06\/DOC_CAN_ADJ2021-447414.pdf\">PLACSP &#8211; Anuncio Adjudicaci\u00f3n<\/a><\/p>\n<p>&nbsp;<\/p>\n","protected":false},"excerpt":{"rendered":"<p>22\/06\/2021 INFORME NECESIDAD.CONTRATACI\u00d3N EXTERNA.JARDINES 22\/06\/2021 Informe no lotes 22\/06\/2021 MEMORIA JUSTIFICATIVA SERVICIO DE CONSERVACI\u00d3N Y MEJORA DE ZONAS VERDES.11.6.21 22\/06\/2021 PPT CONSERVACI\u00d3N Y MEJORA DE ZONAS AJARDINADAS DE ALMU\u00d1\u00c9CAR.11.6.21\u00a0 22\/06\/2021 ANEXO I. Inventario Vegetacion 22\/06\/2021 ANEXO II.ALMU\u00d1ECAR_INVENTARIO JARDINER\u00cdA RIEGO (1) 22\/06\/2021 20210511_ANEXO III. VIVERO MUNICIPAL (1) 22\/06\/2021 PLIEGO ADMINI. SERVICIO JARDINER\u00cdA 22\/06\/2021 Aprobaci\u00f3n e e&hellip; <br \/> <a class=\"button small blue\" href=\"https:\/\/contratacion.almunecar.es\/?p=3855\">Leer m\u00e1s<\/a><\/p>\n","protected":false},"author":5,"featured_media":0,"comment_status":"closed","ping_status":"closed","sticky":false,"template":"","format":"standard","meta":{"_acf_changed":false,"footnotes":""},"categories":[5,3,4],"tags":[],"class_list":["post-3855","post","type-post","status-publish","format-standard","hentry","category-adjudicacion_final","category-anuncio","category-licitacion"],"acf":[],"_links":{"self":[{"href":"https:\/\/contratacion.almunecar.es\/index.php?rest_route=\/wp\/v2\/posts\/3855","targetHints":{"allow":["GET"]}}],"collection":[{"href":"https:\/\/contratacion.almunecar.es\/index.php?rest_route=\/wp\/v2\/posts"}],"about":[{"href":"https:\/\/contratacion.almunecar.es\/index.php?rest_route=\/wp\/v2\/types\/post"}],"author":[{"embeddable":true,"href":"https:\/\/contratacion.almunecar.es\/index.php?rest_route=\/wp\/v2\/users\/5"}],"replies":[{"embeddable":true,"href":"https:\/\/contratacion.almunecar.es\/index.php?rest_route=%2Fwp%2Fv2%2Fcomments&post=3855"}],"version-history":[{"count":12,"href":"https:\/\/contratacion.almunecar.es\/index.php?rest_route=\/wp\/v2\/posts\/3855\/revisions"}],"predecessor-version":[{"id":4371,"href":"https:\/\/contratacion.almunecar.es\/index.php?rest_route=\/wp\/v2\/posts\/3855\/revisions\/4371"}],"wp:attachment":[{"href":"https:\/\/contratacion.almunecar.es\/index.php?rest_route=%2Fwp%2Fv2%2Fmedia&parent=3855"}],"wp:term":[{"taxonomy":"category","embeddable":true,"href":"https:\/\/contratacion.almunecar.es\/index.php?rest_route=%2Fwp%2Fv2%2Fcategories&post=3855"},{"taxonomy":"post_tag","embeddable":true,"href":"https:\/\/contratacion.almunecar.es\/index.php?rest_route=%2Fwp%2Fv2%2Ftags&post=3855"}],"curies":[{"name":"wp","href":"https:\/\/api.w.org\/{rel}","templated":true}]}}