{"id":3846,"date":"2021-06-21T13:47:31","date_gmt":"2021-06-21T11:47:31","guid":{"rendered":"https:\/\/contratacion.almunecar.es\/?p=3846"},"modified":"2021-07-19T09:24:05","modified_gmt":"2021-07-19T07:24:05","slug":"expte-36-2021-gest-5453-2021-servicio-tecnico-de-iluminacion-sonido-backline-y-personal-tecnico-para-el-festival-de-musica-jazz-en-la-costa-almunecar","status":"publish","type":"post","link":"https:\/\/contratacion.almunecar.es\/?p=3846","title":{"rendered":"EXPTE. 36\/2021 (GEST. 5453\/2021): SERVICIO T\u00c9CNICO DE ILUMINACI\u00d3N, SONIDO, BACKLINE Y PERSONAL T\u00c9CNICO PARA EL FESTIVAL DE M\u00daSICA \u201cJAZZ EN LA COSTA\u201d ALMU\u00d1\u00c9CAR."},"content":{"rendered":"<p>21\/06\/2021 <a href=\"https:\/\/contratacion.almunecar.es\/wp-content\/uploads\/2021\/06\/INFORME-NECESIDAD-E-IDONEIDAD-Y-NO-DIVISION-EN-LOTES.pdf\">INFORME NECESIDAD E IDONEIDAD Y NO DIVISION EN LOTES<\/a><\/p>\n<p>21\/06\/2021 <a href=\"https:\/\/contratacion.almunecar.es\/wp-content\/uploads\/2021\/06\/PPTP-SONIDO-E-ILUMINACION-JAZZ.pdf\">PPTP SONIDO E ILUMINACION JAZZ<\/a><\/p>\n<p>21\/06\/2021 <a href=\"https:\/\/contratacion.almunecar.es\/wp-content\/uploads\/2021\/06\/PCAP-SONIDO-E-ILUMINACION-JAZZ.pdf\">PCAP SONIDO E ILUMINACION JAZZ<\/a><\/p>\n<p>21\/06\/2021 <a href=\"https:\/\/contratacion.almunecar.es\/wp-content\/uploads\/2021\/06\/AJGL-APROBACION-E-INICIACION-DEL-EXPEDIENTE-JAZZ.pdf\">AJGL APROBACION E INICIACION DEL EXPEDIENTE JAZZ<\/a><\/p>\n<p>21\/06\/2021 <a href=\"https:\/\/contratacion.almunecar.es\/wp-content\/uploads\/2021\/06\/PLACSP-Anuncio-de-Licitaci\u00f3n-4.pdf\">PLACSP &#8211; Anuncio de Licitaci\u00f3n<\/a><\/p>\n<p>21\/06\/2021 <a href=\"https:\/\/contratacion.almunecar.es\/wp-content\/uploads\/2021\/06\/PLACSP-Documento-de-Pliegos-1.pdf\">PLACSP &#8211; Documento de Pliegos<\/a><\/p>\n<p>Para m\u00e1s informaci\u00f3n y presentaci\u00f3n de Ofertas: <a href=\"https:\/\/contrataciondelestado.es\/wps\/poc?uri=deeplink%3Adetalle_licitacion&amp;idEvl=Y540%2BpbXtDmmq21uxhbaVQ%3D%3D\">click aqu\u00ed\u00a0<\/a><\/p>\n<p>07\/07\/2021 <a href=\"https:\/\/contratacion.almunecar.es\/wp-content\/uploads\/2021\/06\/CITACION-MESA-DE-CONTRATACION-2021-07-09.pdf\">CITACION MESA DE CONTRATACION 2021-07-09<\/a><\/p>\n<p>16\/07\/2021 <a href=\"https:\/\/contratacion.almunecar.es\/wp-content\/uploads\/2021\/06\/CERTIFICACI\u00d3N-DE-GOBIERNO-ADJUDICACI\u00d3N.pdf\">CERTIFICACI\u00d3N DE GOBIERNO ADJUDICACI\u00d3N<\/a><\/p>\n<p>16\/07\/2021 <a href=\"https:\/\/contratacion.almunecar.es\/wp-content\/uploads\/2021\/06\/PLACSP-ADJUDICACI\u00d3N.pdf\">PLACSP &#8211; ADJUDICACI\u00d3N<\/a><\/p>\n<p>19\/07\/2021 <a href=\"https:\/\/contratacion.almunecar.es\/wp-content\/uploads\/2021\/06\/DOC_FORM2021-057500.pdf\">PLACSP &#8211; Anuncio de Formalizaci\u00f3n<\/a><\/p>\n<p>&nbsp;<\/p>\n","protected":false},"excerpt":{"rendered":"<p>21\/06\/2021 INFORME NECESIDAD E IDONEIDAD Y NO DIVISION EN LOTES 21\/06\/2021 PPTP SONIDO E ILUMINACION JAZZ 21\/06\/2021 PCAP SONIDO E ILUMINACION JAZZ 21\/06\/2021 AJGL APROBACION E INICIACION DEL EXPEDIENTE JAZZ 21\/06\/2021 PLACSP &#8211; Anuncio de Licitaci\u00f3n 21\/06\/2021 PLACSP &#8211; Documento de Pliegos Para m\u00e1s informaci\u00f3n y presentaci\u00f3n de Ofertas: click aqu\u00ed\u00a0 07\/07\/2021 CITACION MESA DE&hellip; <br \/> <a class=\"button small blue\" href=\"https:\/\/contratacion.almunecar.es\/?p=3846\">Leer m\u00e1s<\/a><\/p>\n","protected":false},"author":5,"featured_media":0,"comment_status":"closed","ping_status":"closed","sticky":false,"template":"","format":"standard","meta":{"_acf_changed":false,"footnotes":""},"categories":[5,3,7,4],"tags":[],"class_list":["post-3846","post","type-post","status-publish","format-standard","hentry","category-adjudicacion_final","category-anuncio","category-formalizacion","category-licitacion"],"acf":[],"_links":{"self":[{"href":"https:\/\/contratacion.almunecar.es\/index.php?rest_route=\/wp\/v2\/posts\/3846","targetHints":{"allow":["GET"]}}],"collection":[{"href":"https:\/\/contratacion.almunecar.es\/index.php?rest_route=\/wp\/v2\/posts"}],"about":[{"href":"https:\/\/contratacion.almunecar.es\/index.php?rest_route=\/wp\/v2\/types\/post"}],"author":[{"embeddable":true,"href":"https:\/\/contratacion.almunecar.es\/index.php?rest_route=\/wp\/v2\/users\/5"}],"replies":[{"embeddable":true,"href":"https:\/\/contratacion.almunecar.es\/index.php?rest_route=%2Fwp%2Fv2%2Fcomments&post=3846"}],"version-history":[{"count":6,"href":"https:\/\/contratacion.almunecar.es\/index.php?rest_route=\/wp\/v2\/posts\/3846\/revisions"}],"predecessor-version":[{"id":3984,"href":"https:\/\/contratacion.almunecar.es\/index.php?rest_route=\/wp\/v2\/posts\/3846\/revisions\/3984"}],"wp:attachment":[{"href":"https:\/\/contratacion.almunecar.es\/index.php?rest_route=%2Fwp%2Fv2%2Fmedia&parent=3846"}],"wp:term":[{"taxonomy":"category","embeddable":true,"href":"https:\/\/contratacion.almunecar.es\/index.php?rest_route=%2Fwp%2Fv2%2Fcategories&post=3846"},{"taxonomy":"post_tag","embeddable":true,"href":"https:\/\/contratacion.almunecar.es\/index.php?rest_route=%2Fwp%2Fv2%2Ftags&post=3846"}],"curies":[{"name":"wp","href":"https:\/\/api.w.org\/{rel}","templated":true}]}}