{"id":3798,"date":"2021-06-10T12:58:34","date_gmt":"2021-06-10T10:58:34","guid":{"rendered":"https:\/\/contratacion.almunecar.es\/?p=3798"},"modified":"2021-06-10T12:58:34","modified_gmt":"2021-06-10T10:58:34","slug":"expte-41-2021-gest-6134-2021-obras-de-instalacion-de-12-inclinometros-en-la-ladera-de-carmenes-del-mar-en-la-herradura","status":"publish","type":"post","link":"https:\/\/contratacion.almunecar.es\/?p=3798","title":{"rendered":"EXPTE. 41\/2021 (GEST. 6134\/2021): OBRAS DE INSTALACI\u00d3N DE 12 INCLIN\u00d3METROS EN LA LADERA DE C\u00c1RMENES DEL MAR, EN LA HERRADURA"},"content":{"rendered":"<p>10\/06\/2021 <a href=\"https:\/\/contratacion.almunecar.es\/wp-content\/uploads\/2021\/06\/INFORME-DE-MOTIVACI\u00d3N-INCLIN\u00d3METROS.pdf\">INFORME DE MOTIVACI\u00d3N INCLIN\u00d3METROS<\/a><\/p>\n<p>&nbsp;<\/p>\n","protected":false},"excerpt":{"rendered":"<p>10\/06\/2021 INFORME DE MOTIVACI\u00d3N INCLIN\u00d3METROS &nbsp;<\/p>\n","protected":false},"author":5,"featured_media":0,"comment_status":"closed","ping_status":"closed","sticky":false,"template":"","format":"standard","meta":{"_acf_changed":false,"footnotes":""},"categories":[10],"tags":[],"class_list":["post-3798","post","type-post","status-publish","format-standard","hentry","category-menores"],"acf":[],"_links":{"self":[{"href":"https:\/\/contratacion.almunecar.es\/index.php?rest_route=\/wp\/v2\/posts\/3798","targetHints":{"allow":["GET"]}}],"collection":[{"href":"https:\/\/contratacion.almunecar.es\/index.php?rest_route=\/wp\/v2\/posts"}],"about":[{"href":"https:\/\/contratacion.almunecar.es\/index.php?rest_route=\/wp\/v2\/types\/post"}],"author":[{"embeddable":true,"href":"https:\/\/contratacion.almunecar.es\/index.php?rest_route=\/wp\/v2\/users\/5"}],"replies":[{"embeddable":true,"href":"https:\/\/contratacion.almunecar.es\/index.php?rest_route=%2Fwp%2Fv2%2Fcomments&post=3798"}],"version-history":[{"count":2,"href":"https:\/\/contratacion.almunecar.es\/index.php?rest_route=\/wp\/v2\/posts\/3798\/revisions"}],"predecessor-version":[{"id":3801,"href":"https:\/\/contratacion.almunecar.es\/index.php?rest_route=\/wp\/v2\/posts\/3798\/revisions\/3801"}],"wp:attachment":[{"href":"https:\/\/contratacion.almunecar.es\/index.php?rest_route=%2Fwp%2Fv2%2Fmedia&parent=3798"}],"wp:term":[{"taxonomy":"category","embeddable":true,"href":"https:\/\/contratacion.almunecar.es\/index.php?rest_route=%2Fwp%2Fv2%2Fcategories&post=3798"},{"taxonomy":"post_tag","embeddable":true,"href":"https:\/\/contratacion.almunecar.es\/index.php?rest_route=%2Fwp%2Fv2%2Ftags&post=3798"}],"curies":[{"name":"wp","href":"https:\/\/api.w.org\/{rel}","templated":true}]}}