{"id":3785,"date":"2021-06-04T12:43:31","date_gmt":"2021-06-04T10:43:31","guid":{"rendered":"https:\/\/contratacion.almunecar.es\/?p=3785"},"modified":"2021-09-23T10:21:59","modified_gmt":"2021-09-23T08:21:59","slug":"expte-113-2020-gest-10543-2020-contrato-de-poliza-de-seguro-para-cobertura-de-riesgos-derivados-del-uso-y-circulacion-de-la-flota-de-vehiculos-del-excmo-ayuntamiento-de-almunecar","status":"publish","type":"post","link":"https:\/\/contratacion.almunecar.es\/?p=3785","title":{"rendered":"EXPTE. 113\/2020 (GEST. 10543\/2020): CONTRATO DE P\u00d3LIZA DE SEGURO PARA COBERTURA DE RIESGOS DERIVADOS DEL USO Y CIRCULACI\u00d3N DE LA FLOTA DE VEH\u00cdCULOS DEL EXCMO. AYUNTAMIENTO DE ALMU\u00d1\u00c9CAR"},"content":{"rendered":"<p>04\/06\/2021 <a href=\"https:\/\/contratacion.almunecar.es\/wp-content\/uploads\/2021\/06\/INFORME-NECESIDAD-Y-NO-DIVISION-EN-LOTES-POLIZAS-SEGURO-VEHICULOS.pdf\">INFORME NECESIDAD Y NO DIVISION EN LOTES POLIZAS SEGURO VEHICULOS<\/a><\/p>\n<p>04\/06\/2021 <a href=\"https:\/\/contratacion.almunecar.es\/wp-content\/uploads\/2021\/06\/PPT-POLIZAS-SEGURO-VEHICULOS.pdf\">PPT POLIZAS SEGURO VEHICULOS<\/a><\/p>\n<p>04\/06\/2021 <a href=\"https:\/\/contratacion.almunecar.es\/wp-content\/uploads\/2021\/06\/PCAP-POLIZAS-SEGURO-VEHICULOS.pdf\">PCAP POLIZAS SEGURO VEHICULOS<\/a><\/p>\n<p>04\/06\/2021 <a href=\"https:\/\/contratacion.almunecar.es\/wp-content\/uploads\/2021\/06\/APROBACION-E-INICIACION-EXPTE.-POLIZAS-SEGURO-VEHICULOS.pdf\">APROBACION E INICIACION EXPTE. POLIZAS SEGURO VEHICULOS<\/a><\/p>\n<p>04\/06\/2021 <a href=\"https:\/\/contratacion.almunecar.es\/wp-content\/uploads\/2021\/06\/PLACSP-Anuncio-de-Licitaci\u00f3n-1.pdf\">PLACSP &#8211; Anuncio de Licitaci\u00f3n<\/a><\/p>\n<p>04\/06\/2021 <a href=\"https:\/\/contratacion.almunecar.es\/wp-content\/uploads\/2021\/06\/PLACSP-Documento-de-los-Pliegos-1.pdf\">PLACSP &#8211; Documento de los Pliegos<\/a><\/p>\n<p>Para m\u00e1s informaci\u00f3n y presentaci\u00f3n de Ofertas: <a href=\"https:\/\/contrataciondelestado.es\/wps\/poc?uri=deeplink%3Adetalle_licitacion&amp;idEvl=caStijLl3W2mq21uxhbaVQ%3D%3D\">click aqu\u00ed<\/a><\/p>\n<p>30\/06\/2021 <a href=\"https:\/\/contratacion.almunecar.es\/wp-content\/uploads\/2021\/06\/CITACION-MESA-DE-CONTRATACION-2021-07-02.pdf\">CITACION MESA DE CONTRATACION 2021-07-02<\/a><\/p>\n<p>07\/07\/2021 <a href=\"https:\/\/contratacion.almunecar.es\/wp-content\/uploads\/2021\/06\/CITACION-MESA-DE-CONTRATACION-2021-07-09.pdf\">CITACION MESA DE CONTRATACION 2021-07-09<\/a><\/p>\n<p>12\/07\/2021 <a href=\"https:\/\/contratacion.almunecar.es\/wp-content\/uploads\/2021\/06\/ACTA-MESA-DE-CONTRATACION-20210702.pdf\">ACTA MESA DE CONTRATACION 2021 07 02<\/a><\/p>\n<p>13\/07\/2021 <a href=\"https:\/\/contratacion.almunecar.es\/wp-content\/uploads\/2021\/06\/20210712_Acta_Acta-mesas_ACTA-MESA-DE-CONTRATACI\u00d3N-2021-07-09-1.pdf\">ACTA MESA DE CONTRATACI\u00d3N 2021-07-09<\/a><\/p>\n<p>13\/07\/2021 <a href=\"https:\/\/contratacion.almunecar.es\/wp-content\/uploads\/2021\/06\/DOC_AN_GEN2021-NOT-02203385.pdf\">Solicitud aclaraci\u00f3n a MGS (ver Acta de la mesa de contrataci\u00f3n de fecha 9 julio 2021)<\/a><\/p>\n<p>13\/07\/2021 <a href=\"https:\/\/contratacion.almunecar.es\/wp-content\/uploads\/2021\/06\/DOC_AN_GEN2021-NOT-02203463.pdf\">Justificaci\u00f3n de la OAB por parte de Seguros Catalana Occidente (Ver Acta de la Mesa de Contrataci\u00f3n de fecha 9 julio 2021)<\/a><\/p>\n<p>20\/08\/2021 <a href=\"https:\/\/contratacion.almunecar.es\/wp-content\/uploads\/2021\/07\/CITACION-MESA-DE-CONTRATACION-2021-08-24.pdf\">CITACION MESA DE CONTRATACION 2021-08-24<\/a><\/p>\n<p>25\/08\/2021 <a href=\"https:\/\/contratacion.almunecar.es\/wp-content\/uploads\/2021\/06\/RA.pdf\">RA 3070-2021 Requerimiento de documentaci\u00f3n<\/a><\/p>\n<p>25\/08\/2021 <a href=\"https:\/\/contratacion.almunecar.es\/wp-content\/uploads\/2021\/06\/AN_DOCREQ2021-NOT-02295682.pdf\">Comunicaci\u00f3n Requerimiento de documentaci\u00f3n<\/a><\/p>\n<p>26\/08\/2021 <a href=\"https:\/\/contratacion.almunecar.es\/wp-content\/uploads\/2021\/07\/ACTA-MESA-DE-CONTRATACIoN-2021-08-24.pdf\">ACTA MESA DE CONTRATACI\u00d3N 2021-08-24<\/a><\/p>\n<p>21\/09\/2021 <a href=\"https:\/\/contratacion.almunecar.es\/wp-content\/uploads\/2021\/06\/DECRETO-2021-3461-RA-Adjudicacion-Seg-Catalana.pdf\">DECRETO 2021 3461 RA Adjudicacion Seg Catalana<\/a><\/p>\n<p>23\/09\/2021 <a href=\"https:\/\/contratacion.almunecar.es\/wp-content\/uploads\/2021\/06\/DOC_FORM2021-278636.pdf\">PLACSP &#8211; Anuncio de Formalizaci\u00f3n<\/a><\/p>\n","protected":false},"excerpt":{"rendered":"<p>04\/06\/2021 INFORME NECESIDAD Y NO DIVISION EN LOTES POLIZAS SEGURO VEHICULOS 04\/06\/2021 PPT POLIZAS SEGURO VEHICULOS 04\/06\/2021 PCAP POLIZAS SEGURO VEHICULOS 04\/06\/2021 APROBACION E INICIACION EXPTE. POLIZAS SEGURO VEHICULOS 04\/06\/2021 PLACSP &#8211; Anuncio de Licitaci\u00f3n 04\/06\/2021 PLACSP &#8211; Documento de los Pliegos Para m\u00e1s informaci\u00f3n y presentaci\u00f3n de Ofertas: click aqu\u00ed 30\/06\/2021 CITACION MESA DE&hellip; <br \/> <a class=\"button small blue\" href=\"https:\/\/contratacion.almunecar.es\/?p=3785\">Leer m\u00e1s<\/a><\/p>\n","protected":false},"author":5,"featured_media":0,"comment_status":"closed","ping_status":"closed","sticky":false,"template":"","format":"standard","meta":{"_acf_changed":false,"footnotes":""},"categories":[5,3,7,4],"tags":[],"class_list":["post-3785","post","type-post","status-publish","format-standard","hentry","category-adjudicacion_final","category-anuncio","category-formalizacion","category-licitacion"],"acf":[],"_links":{"self":[{"href":"https:\/\/contratacion.almunecar.es\/index.php?rest_route=\/wp\/v2\/posts\/3785","targetHints":{"allow":["GET"]}}],"collection":[{"href":"https:\/\/contratacion.almunecar.es\/index.php?rest_route=\/wp\/v2\/posts"}],"about":[{"href":"https:\/\/contratacion.almunecar.es\/index.php?rest_route=\/wp\/v2\/types\/post"}],"author":[{"embeddable":true,"href":"https:\/\/contratacion.almunecar.es\/index.php?rest_route=\/wp\/v2\/users\/5"}],"replies":[{"embeddable":true,"href":"https:\/\/contratacion.almunecar.es\/index.php?rest_route=%2Fwp%2Fv2%2Fcomments&post=3785"}],"version-history":[{"count":13,"href":"https:\/\/contratacion.almunecar.es\/index.php?rest_route=\/wp\/v2\/posts\/3785\/revisions"}],"predecessor-version":[{"id":4223,"href":"https:\/\/contratacion.almunecar.es\/index.php?rest_route=\/wp\/v2\/posts\/3785\/revisions\/4223"}],"wp:attachment":[{"href":"https:\/\/contratacion.almunecar.es\/index.php?rest_route=%2Fwp%2Fv2%2Fmedia&parent=3785"}],"wp:term":[{"taxonomy":"category","embeddable":true,"href":"https:\/\/contratacion.almunecar.es\/index.php?rest_route=%2Fwp%2Fv2%2Fcategories&post=3785"},{"taxonomy":"post_tag","embeddable":true,"href":"https:\/\/contratacion.almunecar.es\/index.php?rest_route=%2Fwp%2Fv2%2Ftags&post=3785"}],"curies":[{"name":"wp","href":"https:\/\/api.w.org\/{rel}","templated":true}]}}