{"id":3531,"date":"2021-03-09T14:38:46","date_gmt":"2021-03-09T12:38:46","guid":{"rendered":"https:\/\/contratacion.almunecar.es\/?p=3531"},"modified":"2021-06-25T13:26:04","modified_gmt":"2021-06-25T11:26:04","slug":"expte-112b-2020-gest-10532-2020-seguro-de-responsabilidad-civil-del-ayuntamiento-de-almunecar","status":"publish","type":"post","link":"https:\/\/contratacion.almunecar.es\/?p=3531","title":{"rendered":"EXPTE 112B\/2020 (GEST 10532\/2020): Seguro de Responsabilidad Civil del Ayuntamiento de Almu\u00f1\u00e9car"},"content":{"rendered":"<p>09\/03\/2021\u00a0 <a href=\"https:\/\/contratacion.almunecar.es\/wp-content\/uploads\/2021\/03\/INFORME-NECESIDAD-Y-NO-DIVISIN-EN-LOTES.pdf\">INFORME NECESIDAD Y NO DIVISIN EN LOTES<\/a><\/p>\n<p>09\/03\/2021 <a href=\"https:\/\/contratacion.almunecar.es\/wp-content\/uploads\/2021\/03\/certificado-gobierno-RC.pdf\">certificado gobierno RC<\/a><\/p>\n<p>09\/03\/2021 <a href=\"https:\/\/contratacion.almunecar.es\/wp-content\/uploads\/2021\/03\/20210303_Informe_PLIEGO-DE-PRESCRIPCIONES-T\u00c9CNICAS-QUE-HAN-DE-REGIR-PARA-LA-CONTRATACI\u00d3N-DE-UNA-POLIZA-DE-SEGURO-DE-RESPONSABILIDAD-CIVIL.pdf\">PPT<\/a><\/p>\n<p>09\/03\/2021 <a href=\"https:\/\/contratacion.almunecar.es\/wp-content\/uploads\/2021\/03\/20210203_Contrato_Pliego-de-cl\u00e1usulas_PLIEGO-ADMINISTRATIVO-SEGURO-RC-1.pdf\">PCAP<\/a><\/p>\n<p>09\/03\/2021 <a href=\"https:\/\/contratacion.almunecar.es\/wp-content\/uploads\/2021\/03\/DOC_CN2021-648001-LICI.pdf\">PLACSP &#8211; Anuncio de licitaci\u00f3n<\/a><\/p>\n<p>09\/03\/2021 <a href=\"https:\/\/contratacion.almunecar.es\/wp-content\/uploads\/2021\/03\/DOC_CD2021-648020.pdf\">PLACSP &#8211; Documento de los pliegos<\/a><\/p>\n<p>Para m\u00e1s informaci\u00f3n y presentaci\u00f3n de ofertas: <a href=\"https:\/\/contrataciondelestado.es\/wps\/poc?uri=deeplink%3Adetalle_licitacion&amp;idEvl=seIuW2smdSamq21uxhbaVQ%3D%3D\">click aqu\u00ed<\/a><\/p>\n<p>26\/04\/2021 <a href=\"https:\/\/contratacion.almunecar.es\/wp-content\/uploads\/2021\/03\/Acta-Mesa-de-Contratacion-2021-04-15.pdf\">Acta Mesa de Contratacion 2021-04-15<\/a><\/p>\n<p>03\/05\/2021 <a href=\"https:\/\/contratacion.almunecar.es\/wp-content\/uploads\/2021\/03\/AN_DOCREQ2021-NOT-02019306.pdf\">Requerimiento de Documentaci\u00f3n<\/a><\/p>\n<p>25\/05\/2021 <a href=\"https:\/\/contratacion.almunecar.es\/wp-content\/uploads\/2021\/03\/CERTIFICAGOBIERNO-ADJ-RC.pdf\">CERTIFICAGOBIERNO ADJ RC<\/a><\/p>\n<p>25\/05\/2021 <a href=\"https:\/\/contratacion.almunecar.es\/wp-content\/uploads\/2021\/03\/DOC_CAN_ADJ2021-898792.pdf\">PLACSP &#8211; Anuncio de Adjudicaci\u00f3n<\/a><\/p>\n<p>25\/06\/2021 <a href=\"https:\/\/contratacion.almunecar.es\/wp-content\/uploads\/2021\/03\/DOC_FORM2021-993887.pdf\">PLACSP &#8211; Anuncio de Formalizaci\u00f3n<\/a><\/p>\n","protected":false},"excerpt":{"rendered":"<p>09\/03\/2021\u00a0 INFORME NECESIDAD Y NO DIVISIN EN LOTES 09\/03\/2021 certificado gobierno RC 09\/03\/2021 PPT 09\/03\/2021 PCAP 09\/03\/2021 PLACSP &#8211; Anuncio de licitaci\u00f3n 09\/03\/2021 PLACSP &#8211; Documento de los pliegos Para m\u00e1s informaci\u00f3n y presentaci\u00f3n de ofertas: click aqu\u00ed 26\/04\/2021 Acta Mesa de Contratacion 2021-04-15 03\/05\/2021 Requerimiento de Documentaci\u00f3n 25\/05\/2021 CERTIFICAGOBIERNO ADJ RC 25\/05\/2021 PLACSP &#8211;&hellip; <br \/> <a class=\"button small blue\" href=\"https:\/\/contratacion.almunecar.es\/?p=3531\">Leer m\u00e1s<\/a><\/p>\n","protected":false},"author":5,"featured_media":0,"comment_status":"closed","ping_status":"closed","sticky":false,"template":"","format":"standard","meta":{"_acf_changed":false,"footnotes":""},"categories":[5,3,7,4],"tags":[],"class_list":["post-3531","post","type-post","status-publish","format-standard","hentry","category-adjudicacion_final","category-anuncio","category-formalizacion","category-licitacion"],"acf":[],"_links":{"self":[{"href":"https:\/\/contratacion.almunecar.es\/index.php?rest_route=\/wp\/v2\/posts\/3531","targetHints":{"allow":["GET"]}}],"collection":[{"href":"https:\/\/contratacion.almunecar.es\/index.php?rest_route=\/wp\/v2\/posts"}],"about":[{"href":"https:\/\/contratacion.almunecar.es\/index.php?rest_route=\/wp\/v2\/types\/post"}],"author":[{"embeddable":true,"href":"https:\/\/contratacion.almunecar.es\/index.php?rest_route=\/wp\/v2\/users\/5"}],"replies":[{"embeddable":true,"href":"https:\/\/contratacion.almunecar.es\/index.php?rest_route=%2Fwp%2Fv2%2Fcomments&post=3531"}],"version-history":[{"count":6,"href":"https:\/\/contratacion.almunecar.es\/index.php?rest_route=\/wp\/v2\/posts\/3531\/revisions"}],"predecessor-version":[{"id":3893,"href":"https:\/\/contratacion.almunecar.es\/index.php?rest_route=\/wp\/v2\/posts\/3531\/revisions\/3893"}],"wp:attachment":[{"href":"https:\/\/contratacion.almunecar.es\/index.php?rest_route=%2Fwp%2Fv2%2Fmedia&parent=3531"}],"wp:term":[{"taxonomy":"category","embeddable":true,"href":"https:\/\/contratacion.almunecar.es\/index.php?rest_route=%2Fwp%2Fv2%2Fcategories&post=3531"},{"taxonomy":"post_tag","embeddable":true,"href":"https:\/\/contratacion.almunecar.es\/index.php?rest_route=%2Fwp%2Fv2%2Ftags&post=3531"}],"curies":[{"name":"wp","href":"https:\/\/api.w.org\/{rel}","templated":true}]}}