{"id":3484,"date":"2021-02-26T15:22:31","date_gmt":"2021-02-26T13:22:31","guid":{"rendered":"https:\/\/contratacion.almunecar.es\/?p=3484"},"modified":"2021-06-14T13:10:46","modified_gmt":"2021-06-14T11:10:46","slug":"expte-84-2020-gest-8703-2020-suministro-de-material-de-imprenta-y-material-grafico-para-los-diferentes-departamentos-municipales-del-ayuntamiento-de-almunecar","status":"publish","type":"post","link":"https:\/\/contratacion.almunecar.es\/?p=3484","title":{"rendered":"Expte. 84-2020 (GEST 8703\/2020): SUMINISTRO DE MATERIAL DE IMPRENTA Y MATERIAL GR\u00c1FICO PARA LOS DIFERENTES DEPARTAMENTOS MUNICIPALES DEL AYUNTAMIENTO DE ALMU\u00d1\u00c9CAR"},"content":{"rendered":"<p>26\/02\/2021 <a href=\"https:\/\/contratacion.almunecar.es\/wp-content\/uploads\/2021\/02\/PPT-IMPRENTA.pdf\">PPT IMPRENTA<\/a><\/p>\n<p>26\/02\/2021 <a href=\"https:\/\/contratacion.almunecar.es\/wp-content\/uploads\/2021\/02\/PCAP-IMPRENTA.pdf\">PCAP IMPRENTA<\/a><\/p>\n<p>26\/02\/2021 <a href=\"https:\/\/contratacion.almunecar.es\/wp-content\/uploads\/2021\/02\/aprobacin.pdf\">Aprobaci\u00f3n del expediente<\/a><\/p>\n<p>26\/02\/2021 <a href=\"https:\/\/contratacion.almunecar.es\/wp-content\/uploads\/2021\/02\/informe-necesidad.pdf\">informe necesidad<\/a><\/p>\n<p>26\/02\/2021 <a href=\"https:\/\/contratacion.almunecar.es\/wp-content\/uploads\/2021\/02\/DOC_CN2021-624937-1.pdf\">PLACSP &#8211; Anuncio de licitaci\u00f3n<\/a><\/p>\n<p>26\/02\/2021 <a href=\"https:\/\/contratacion.almunecar.es\/wp-content\/uploads\/2021\/02\/DOC_CD2021-624965.pdf\">PLACSP &#8211; Documento de los pliegos<\/a><\/p>\n<p>Para m\u00e1s informaci\u00f3n y presentaci\u00f3n de ofertas: <a href=\"https:\/\/contrataciondelestado.es\/wps\/poc?uri=deeplink%3Adetalle_licitacion&amp;idEvl=oUpZecTyaBqiEJrVRqloyA%3D%3D\">pinche aqu\u00ed<\/a><\/p>\n<p>22\/03\/2021 <a href=\"https:\/\/contratacion.almunecar.es\/wp-content\/uploads\/2021\/02\/DECRETO-2021-1095.pdf\">DECRETO 2021 1095 Ampliaci\u00f3n plazo de presentaci\u00f3n de ofertas<\/a><\/p>\n<p>05\/04\/2021 <a href=\"https:\/\/contratacion.almunecar.es\/wp-content\/uploads\/2021\/02\/CITACION-MESA-DE-CONTRATACION-2021-04-07.pdf\">CITACION MESA DE CONTRATACION 2021-04-07<\/a><\/p>\n<p>26\/04\/2021 <a href=\"https:\/\/contratacion.almunecar.es\/wp-content\/uploads\/2021\/03\/Acta-Mesa-de-Contratacion-2021-04-07.pdf\">Acta Mesa de Contratacion 2021-04-07<\/a><\/p>\n<p>29\/04\/2021 <a href=\"https:\/\/contratacion.almunecar.es\/wp-content\/uploads\/2021\/03\/CITACION-MESA-DE-CONTRATACION-2021-05-04-1.pdf\">CITACION MESA DE CONTRATACION 2021-05-04<\/a><\/p>\n<p>10\/05\/2021 <a href=\"https:\/\/contratacion.almunecar.es\/wp-content\/uploads\/2021\/03\/Acta-Mesa-de-Contratacion-2021-05-04.pdf\">Acta Mesa de Contrataci\u00f3n 2021-05-04<\/a><\/p>\n<p>18\/05\/2021 <a href=\"https:\/\/contratacion.almunecar.es\/wp-content\/uploads\/2021\/02\/CERTIFICACION-DE-GOBIERNO.pdf\">AJGL Requerimiento de Documentaci\u00f3n<\/a><\/p>\n<p>18\/05\/2021 PLACSP &#8211;\u00a0<a href=\"https:\/\/contratacion.almunecar.es\/wp-content\/uploads\/2021\/02\/REQUERIMIENTO-DE-DOCUMENTACION-AL-PROPUESTO-ADJUDICATARIO.pdf\">Requerimiento de Documentaci\u00f3n al Propuesto Adjudicatario<\/a><\/p>\n<p>10\/06\/2021 <a href=\"https:\/\/contratacion.almunecar.es\/wp-content\/uploads\/2021\/02\/CERTIFICAGOBIERNOOrd-11-Material-imprenta.pdf\">CERTIFICAGOBIERNOOrd 11 Adjudicaci\u00f3n Material imprenta<\/a><\/p>\n<p>10\/06\/2021 <a href=\"https:\/\/contratacion.almunecar.es\/wp-content\/uploads\/2021\/02\/DOC_CAN_ADJ2021-947719.pdf\">PLACSP &#8211; Adjudicaci\u00f3n<\/a><\/p>\n<p>14\/06\/2021 <a href=\"https:\/\/contratacion.almunecar.es\/wp-content\/uploads\/2021\/02\/DOC_FORM2021-956690.pdf\">PLACSP &#8211; Anuncio Formalizaci\u00f3n<\/a><\/p>\n<p>&nbsp;<\/p>\n<p>&nbsp;<\/p>\n","protected":false},"excerpt":{"rendered":"<p>26\/02\/2021 PPT IMPRENTA 26\/02\/2021 PCAP IMPRENTA 26\/02\/2021 Aprobaci\u00f3n del expediente 26\/02\/2021 informe necesidad 26\/02\/2021 PLACSP &#8211; Anuncio de licitaci\u00f3n 26\/02\/2021 PLACSP &#8211; Documento de los pliegos Para m\u00e1s informaci\u00f3n y presentaci\u00f3n de ofertas: pinche aqu\u00ed 22\/03\/2021 DECRETO 2021 1095 Ampliaci\u00f3n plazo de presentaci\u00f3n de ofertas 05\/04\/2021 CITACION MESA DE CONTRATACION 2021-04-07 26\/04\/2021 Acta Mesa de&hellip; <br \/> <a class=\"button small blue\" href=\"https:\/\/contratacion.almunecar.es\/?p=3484\">Leer m\u00e1s<\/a><\/p>\n","protected":false},"author":5,"featured_media":0,"comment_status":"closed","ping_status":"closed","sticky":false,"template":"","format":"standard","meta":{"_acf_changed":false,"footnotes":""},"categories":[5,3,12,4],"tags":[],"class_list":["post-3484","post","type-post","status-publish","format-standard","hentry","category-adjudicacion_final","category-anuncio","category-formalizacion-de-contrato","category-licitacion"],"acf":[],"_links":{"self":[{"href":"https:\/\/contratacion.almunecar.es\/index.php?rest_route=\/wp\/v2\/posts\/3484","targetHints":{"allow":["GET"]}}],"collection":[{"href":"https:\/\/contratacion.almunecar.es\/index.php?rest_route=\/wp\/v2\/posts"}],"about":[{"href":"https:\/\/contratacion.almunecar.es\/index.php?rest_route=\/wp\/v2\/types\/post"}],"author":[{"embeddable":true,"href":"https:\/\/contratacion.almunecar.es\/index.php?rest_route=\/wp\/v2\/users\/5"}],"replies":[{"embeddable":true,"href":"https:\/\/contratacion.almunecar.es\/index.php?rest_route=%2Fwp%2Fv2%2Fcomments&post=3484"}],"version-history":[{"count":14,"href":"https:\/\/contratacion.almunecar.es\/index.php?rest_route=\/wp\/v2\/posts\/3484\/revisions"}],"predecessor-version":[{"id":3818,"href":"https:\/\/contratacion.almunecar.es\/index.php?rest_route=\/wp\/v2\/posts\/3484\/revisions\/3818"}],"wp:attachment":[{"href":"https:\/\/contratacion.almunecar.es\/index.php?rest_route=%2Fwp%2Fv2%2Fmedia&parent=3484"}],"wp:term":[{"taxonomy":"category","embeddable":true,"href":"https:\/\/contratacion.almunecar.es\/index.php?rest_route=%2Fwp%2Fv2%2Fcategories&post=3484"},{"taxonomy":"post_tag","embeddable":true,"href":"https:\/\/contratacion.almunecar.es\/index.php?rest_route=%2Fwp%2Fv2%2Ftags&post=3484"}],"curies":[{"name":"wp","href":"https:\/\/api.w.org\/{rel}","templated":true}]}}