{"id":3414,"date":"2021-02-02T14:38:59","date_gmt":"2021-02-02T12:38:59","guid":{"rendered":"https:\/\/contratacion.almunecar.es\/?p=3414"},"modified":"2021-05-17T13:09:20","modified_gmt":"2021-05-17T11:09:20","slug":"expte-4-2021-gest-706-2021-servicios-de-redaccion-de-proyecto-basico-y-de-ejecucion-documento-de-seguridad-y-salud-y-desarrollo-de-la-direccion-facultativa-de-obras-y-coordinacion-de-seguridad-y","status":"publish","type":"post","link":"https:\/\/contratacion.almunecar.es\/?p=3414","title":{"rendered":"Expte 4-2021 (GEST 706\/2021):  Servicios de redacci\u00f3n de proyecto B\u00e1sico y de Ejecuci\u00f3n, documento de Seguridad y Salud, y desarrollo de la Direcci\u00f3n Facultativa de obras y Coordinaci\u00f3n de Seguridad y Salud necesarios para la construcci\u00f3n del nuevo edificio del Mercado y Parking Municipal de Almu\u00f1\u00e9car ubicado en la parcela de equipamiento p\u00fablico y titularidad municipal perimetrada por las calles Avenida de Cala, S\u00e1nchez Chaves, Avenida de Europa y Callej\u00f3n del Virgo de Almu\u00f1\u00e9car."},"content":{"rendered":"<p>02\/02\/2021 <a href=\"https:\/\/contratacion.almunecar.es\/wp-content\/uploads\/2021\/02\/PPT.pdf\">PPT<\/a><\/p>\n<p>02\/02\/2021 <a href=\"https:\/\/contratacion.almunecar.es\/wp-content\/uploads\/2021\/02\/PCAP.pdf\">PCAP<\/a><\/p>\n<p>02\/02\/2021 <a href=\"https:\/\/contratacion.almunecar.es\/wp-content\/uploads\/2021\/02\/Informe-de-necesidad-y-no-lotes.pdf\">Informe de necesidad y no lotes<\/a><\/p>\n<p>02\/02\/2021 <a href=\"https:\/\/contratacion.almunecar.es\/wp-content\/uploads\/2021\/02\/20210129_Resoluci\u00f3n_Decreto_DECRETO-2021-0449-R.A.-Expte.-4.21-GEST-706.21-REDACCI\u00d3N-PROYECTO-MERCADO.pdf\">DECRETO 2021-0449 [R.A. Expte. 4.21 GEST 706.21 REDACCI\u00d3N PROYECTO MERCADO]<\/a><\/p>\n<p>02\/02\/2021 <a href=\"https:\/\/contratacion.almunecar.es\/wp-content\/uploads\/2021\/02\/Anuncio-lici.pdf\">PLACSP &#8211; Anuncio licitaci\u00f3n<\/a><\/p>\n<p>02\/02\/2021 <a href=\"https:\/\/contratacion.almunecar.es\/wp-content\/uploads\/2021\/02\/pliego.pdf\">PLACSP &#8211; Documento pliegos<\/a><\/p>\n<p>05\/05\/2021 <a href=\"https:\/\/contratacion.almunecar.es\/wp-content\/uploads\/2021\/02\/2021-OJS025-060584-es.pdf\">Anuncio DOUE<\/a><\/p>\n<p>09\/02\/2021 <a href=\"https:\/\/contratacion.almunecar.es\/wp-content\/uploads\/2021\/02\/comu.pdf\">Citaci\u00f3n Comisi\u00f3n Negociadora<\/a><\/p>\n<p>22\/03\/2021 <a href=\"https:\/\/contratacion.almunecar.es\/wp-content\/uploads\/2021\/02\/Certificado-Junta-de-Gobierno-ord-7.pdf\">Certificado Adjudicaci\u00f3n Junta de Gobierno ord 7<\/a><\/p>\n<p>17\/05\/2021 <a href=\"https:\/\/contratacion.almunecar.es\/wp-content\/uploads\/2021\/02\/2021-OJS093-244071-es.pdf\">Anuncio Formalizaci\u00f3n DOUE 2021-OJS093-244071-es<\/a><\/p>\n<p>17\/05\/2021 <a href=\"https:\/\/contratacion.almunecar.es\/wp-content\/uploads\/2021\/02\/DOC_FORM2021-875893.pdf\">PLACSP &#8211; Anuncio Formalizaci\u00f3n<\/a><\/p>\n","protected":false},"excerpt":{"rendered":"<p>02\/02\/2021 PPT 02\/02\/2021 PCAP 02\/02\/2021 Informe de necesidad y no lotes 02\/02\/2021 DECRETO 2021-0449 [R.A. Expte. 4.21 GEST 706.21 REDACCI\u00d3N PROYECTO MERCADO] 02\/02\/2021 PLACSP &#8211; Anuncio licitaci\u00f3n 02\/02\/2021 PLACSP &#8211; Documento pliegos 05\/05\/2021 Anuncio DOUE 09\/02\/2021 Citaci\u00f3n Comisi\u00f3n Negociadora 22\/03\/2021 Certificado Adjudicaci\u00f3n Junta de Gobierno ord 7 17\/05\/2021 Anuncio Formalizaci\u00f3n DOUE 2021-OJS093-244071-es 17\/05\/2021 PLACSP &#8211;&hellip; <br \/> <a class=\"button small blue\" href=\"https:\/\/contratacion.almunecar.es\/?p=3414\">Leer m\u00e1s<\/a><\/p>\n","protected":false},"author":5,"featured_media":0,"comment_status":"closed","ping_status":"closed","sticky":false,"template":"","format":"standard","meta":{"_acf_changed":false,"footnotes":""},"categories":[5,3,7,4],"tags":[],"class_list":["post-3414","post","type-post","status-publish","format-standard","hentry","category-adjudicacion_final","category-anuncio","category-formalizacion","category-licitacion"],"acf":[],"_links":{"self":[{"href":"https:\/\/contratacion.almunecar.es\/index.php?rest_route=\/wp\/v2\/posts\/3414","targetHints":{"allow":["GET"]}}],"collection":[{"href":"https:\/\/contratacion.almunecar.es\/index.php?rest_route=\/wp\/v2\/posts"}],"about":[{"href":"https:\/\/contratacion.almunecar.es\/index.php?rest_route=\/wp\/v2\/types\/post"}],"author":[{"embeddable":true,"href":"https:\/\/contratacion.almunecar.es\/index.php?rest_route=\/wp\/v2\/users\/5"}],"replies":[{"embeddable":true,"href":"https:\/\/contratacion.almunecar.es\/index.php?rest_route=%2Fwp%2Fv2%2Fcomments&post=3414"}],"version-history":[{"count":6,"href":"https:\/\/contratacion.almunecar.es\/index.php?rest_route=\/wp\/v2\/posts\/3414\/revisions"}],"predecessor-version":[{"id":3732,"href":"https:\/\/contratacion.almunecar.es\/index.php?rest_route=\/wp\/v2\/posts\/3414\/revisions\/3732"}],"wp:attachment":[{"href":"https:\/\/contratacion.almunecar.es\/index.php?rest_route=%2Fwp%2Fv2%2Fmedia&parent=3414"}],"wp:term":[{"taxonomy":"category","embeddable":true,"href":"https:\/\/contratacion.almunecar.es\/index.php?rest_route=%2Fwp%2Fv2%2Fcategories&post=3414"},{"taxonomy":"post_tag","embeddable":true,"href":"https:\/\/contratacion.almunecar.es\/index.php?rest_route=%2Fwp%2Fv2%2Ftags&post=3414"}],"curies":[{"name":"wp","href":"https:\/\/api.w.org\/{rel}","templated":true}]}}