{"id":3284,"date":"2020-11-16T12:29:41","date_gmt":"2020-11-16T10:29:41","guid":{"rendered":"https:\/\/contratacion.almunecar.es\/?p=3284"},"modified":"2020-11-16T12:29:41","modified_gmt":"2020-11-16T10:29:41","slug":"expte-88-2020-gestiona-9223-obras-de-sustitucion-del-ascensor-panoramico-de-la-casa-de-la-cultura-de-almunecar","status":"publish","type":"post","link":"https:\/\/contratacion.almunecar.es\/?p=3284","title":{"rendered":"Expte. 88\/2020 Gestiona 9223 Obras de sustituci\u00f3n del ascensor panor\u00e1mico de la Casa de la Cultura de Almu\u00f1\u00e9car"},"content":{"rendered":"<p><a href=\"https:\/\/contratacion.almunecar.es\/wp-content\/uploads\/2020\/11\/20201103_Informe_Informe-t\u00e9cnico_INFORME-DE-NECESIDAD-Y-PRESUPUESTO-PARA-LICITAR-SUSTITUCION-ASCENSOR-PANORAMICO-CASA-DE-LA-CULTURA.pdf\">20201103_Informe_Informe t\u00e9cnico_INFORME DE NECESIDAD Y PRESUPUESTO PARA LICITAR SUSTITUCION ASCENSOR PANORAMICO CASA DE LA CULTURA<\/a><\/p>\n","protected":false},"excerpt":{"rendered":"<p>20201103_Informe_Informe t\u00e9cnico_INFORME DE NECESIDAD Y PRESUPUESTO PARA LICITAR SUSTITUCION ASCENSOR PANORAMICO CASA DE LA CULTURA<\/p>\n","protected":false},"author":5,"featured_media":0,"comment_status":"closed","ping_status":"closed","sticky":false,"template":"","format":"standard","meta":{"_acf_changed":false,"footnotes":""},"categories":[3,10],"tags":[],"class_list":["post-3284","post","type-post","status-publish","format-standard","hentry","category-anuncio","category-menores"],"acf":[],"_links":{"self":[{"href":"https:\/\/contratacion.almunecar.es\/index.php?rest_route=\/wp\/v2\/posts\/3284","targetHints":{"allow":["GET"]}}],"collection":[{"href":"https:\/\/contratacion.almunecar.es\/index.php?rest_route=\/wp\/v2\/posts"}],"about":[{"href":"https:\/\/contratacion.almunecar.es\/index.php?rest_route=\/wp\/v2\/types\/post"}],"author":[{"embeddable":true,"href":"https:\/\/contratacion.almunecar.es\/index.php?rest_route=\/wp\/v2\/users\/5"}],"replies":[{"embeddable":true,"href":"https:\/\/contratacion.almunecar.es\/index.php?rest_route=%2Fwp%2Fv2%2Fcomments&post=3284"}],"version-history":[{"count":1,"href":"https:\/\/contratacion.almunecar.es\/index.php?rest_route=\/wp\/v2\/posts\/3284\/revisions"}],"predecessor-version":[{"id":3286,"href":"https:\/\/contratacion.almunecar.es\/index.php?rest_route=\/wp\/v2\/posts\/3284\/revisions\/3286"}],"wp:attachment":[{"href":"https:\/\/contratacion.almunecar.es\/index.php?rest_route=%2Fwp%2Fv2%2Fmedia&parent=3284"}],"wp:term":[{"taxonomy":"category","embeddable":true,"href":"https:\/\/contratacion.almunecar.es\/index.php?rest_route=%2Fwp%2Fv2%2Fcategories&post=3284"},{"taxonomy":"post_tag","embeddable":true,"href":"https:\/\/contratacion.almunecar.es\/index.php?rest_route=%2Fwp%2Fv2%2Ftags&post=3284"}],"curies":[{"name":"wp","href":"https:\/\/api.w.org\/{rel}","templated":true}]}}