{"id":3197,"date":"2020-10-15T12:54:15","date_gmt":"2020-10-15T10:54:15","guid":{"rendered":"https:\/\/contratacion.almunecar.es\/?p=3197"},"modified":"2021-09-14T12:35:09","modified_gmt":"2021-09-14T10:35:09","slug":"expte-66-2020-gest-6260-2020-servicio-de-asesoramiento-defensa-activa-y-pasiva-y-representacion-del-ayuntamiento-de-almunecar-y-demas-entes-instrumentales-en-el-ambito-civil-penal-y-contencioso","status":"publish","type":"post","link":"https:\/\/contratacion.almunecar.es\/?p=3197","title":{"rendered":"EXPTE. 66\/2020 (GEST 6260\/2020): SERVICIO DE ASESORAMIENTO, DEFENSA ACTIVA Y PASIVA Y REPRESENTACI\u00d3N DEL AYUNTAMIENTO DE ALMU\u00d1\u00c9CAR Y DEM\u00c1S ENTES INSTRUMENTALES EN EL \u00c1MBITO CIVIL, PENAL Y CONTENCIOSO-ADMINISTRATIVO"},"content":{"rendered":"<p>15\/10\/2020 <a href=\"https:\/\/contratacion.almunecar.es\/wp-content\/uploads\/2020\/10\/PPT.pdf\">PPT<\/a><\/p>\n<p>15\/10\/2020 <a href=\"https:\/\/contratacion.almunecar.es\/wp-content\/uploads\/2020\/10\/PCAP-1.pdf\">PCAP<\/a><\/p>\n<p>15\/10\/2020 <a href=\"https:\/\/contratacion.almunecar.es\/wp-content\/uploads\/2020\/10\/aprob.pdf\">Certificaci\u00f3n de Gobierno, Acuerdo de Junta de Gobierno Local de Aprobaci\u00f3n del Expediente<\/a><\/p>\n<p>15\/10\/2020 <a href=\"https:\/\/contratacion.almunecar.es\/wp-content\/uploads\/2020\/10\/DOC_CN2020-286227-Anuncio-lici.pdf\">PLACSP &#8211; Anuncio licitaci\u00f3n<\/a><\/p>\n<p>15\/10\/2020 <a href=\"https:\/\/contratacion.almunecar.es\/wp-content\/uploads\/2020\/10\/DOC_CD2020-286216.pdf\">PLACSP &#8211; Documento de los Pliegos<\/a><\/p>\n<p>15\/10\/2020 <a href=\"https:\/\/contratacion.almunecar.es\/wp-content\/uploads\/2020\/10\/AmpliaciOn-plazo-de-presentaciOn-de-ofertas.pdf\">Ampliaci\u00f3n plazo de presentaci\u00f3n de ofertas<\/a><\/p>\n<p>15\/10\/2020 <a href=\"https:\/\/contratacion.almunecar.es\/wp-content\/uploads\/2020\/10\/DOC_CN2020-327612.pdf\">PLACSP &#8211; Anuncio de Licitaci\u00f3n (ampliaci\u00f3n de plazo)<\/a><\/p>\n<p>15\/10\/2020 <a href=\"https:\/\/contratacion.almunecar.es\/wp-content\/uploads\/2020\/10\/DOC_CD2020-327661plieg.pdf\">PLACSP &#8211; Documento de los pliegos (ampliaci\u00f3n plazo)<\/a><\/p>\n<p>11\/11\/2020 <a href=\"https:\/\/contratacion.almunecar.es\/wp-content\/uploads\/2020\/10\/decreto.pdf\">Resoluci\u00f3n de Rectificaci\u00f3n<\/a><\/p>\n<p>11\/11\/2020 <a href=\"https:\/\/contratacion.almunecar.es\/wp-content\/uploads\/2020\/10\/DOC_CN2020-360163.pdf\">PLACSP &#8211; Anuncio de Licitaci\u00f3n rectificado<\/a><\/p>\n<p>11\/11\/2020 <a href=\"https:\/\/contratacion.almunecar.es\/wp-content\/uploads\/2020\/10\/DOC_CD2020-360156.pdf\">PLACSP &#8211; Documento de los pliegos rectificado<\/a><\/p>\n<p>25\/11\/2020 <a href=\"https:\/\/contratacion.almunecar.es\/wp-content\/uploads\/2020\/10\/resolucion-suspension.pdf\">Resoluci\u00f3n suspensi\u00f3n procedimiento<\/a><\/p>\n<p>27\/01\/2021 <a href=\"https:\/\/contratacion.almunecar.es\/wp-content\/uploads\/2020\/10\/Acuerdo-levantamiento.pdf\">Acuerdo levantamiento<\/a><\/p>\n<p>27\/01\/2021 <a href=\"https:\/\/contratacion.almunecar.es\/wp-content\/uploads\/2020\/10\/Resolucion-3_2021-TARC-Diputacion-Granada.pdf\">Resolucion 3_2021 TARC Diputacion Granada<\/a><\/p>\n<p>27\/01\/2021 <a href=\"https:\/\/contratacion.almunecar.es\/wp-content\/uploads\/2020\/10\/DOC_CN2021-547878.pdf\">PLACSP &#8211; Anuncio de Licitaci\u00f3n<\/a><\/p>\n<p>27\/01\/2021 <a href=\"https:\/\/contratacion.almunecar.es\/wp-content\/uploads\/2020\/10\/DOC_CD2021-547882.pdf\">PLACSP &#8211; Documento de los pliegos<\/a><\/p>\n<p>Para m\u00e1s informaci\u00f3n y presentaci\u00f3n de ofertas: <a href=\"https:\/\/contrataciondelestado.es\/wps\/poc?uri=deeplink%3AperfilContratante&amp;idBp=r%2BWbGNBdKDcSugstABGr5A%3D%3D\">click aqu\u00ed<\/a><\/p>\n<p>22\/02\/2021 <a href=\"https:\/\/contratacion.almunecar.es\/wp-content\/uploads\/2020\/10\/convocatoria.pdf\">convocatoria<\/a> Mesa de Contrataci\u00f3n<\/p>\n<p>26\/02\/2021 <a href=\"https:\/\/contratacion.almunecar.es\/wp-content\/uploads\/2021\/02\/Acta-Mesa-de-Contratacion-2021-02-24.pdf\">Acta Mesa de Contratacion 2021-02-24<\/a><\/p>\n<p>03\/03\/2021 <a href=\"https:\/\/contratacion.almunecar.es\/wp-content\/uploads\/2020\/10\/20210303_Comunicaci\u00f3n_Convocatoria_CITACION-MESA-DE-CONTRATACION-2021-03-08.pdf\">CITACION MESA DE CONTRATACION 2021-03-08<\/a><\/p>\n<p>18\/03\/2021 <a href=\"https:\/\/contratacion.almunecar.es\/wp-content\/uploads\/2020\/06\/Acta-Mesa-de-Contratacion-A1-2021-03-08.pdf\">Acta Mesa de Contratacion A1 2021-03-08<\/a><\/p>\n<p>12\/04\/2021 <a href=\"https:\/\/contratacion.almunecar.es\/wp-content\/uploads\/2021\/03\/citacion-mesa.pdf\">Citaci\u00f3n Mesa de Contrataci\u00f3n<\/a><\/p>\n<p>03\/05\/2021 <a href=\"https:\/\/contratacion.almunecar.es\/wp-content\/uploads\/2020\/10\/Acta-Mesa-de-Contratacion-2021-04-15.pdf\">_Acta Mesa de Contratacion 2021-04-15<\/a><\/p>\n<p>04\/06\/2021 <a href=\"https:\/\/contratacion.almunecar.es\/wp-content\/uploads\/2020\/10\/CITACION-MESA-DE-CONTRATACION-2021-06-08.pdf\">CITACION MESA DE CONTRATACION 2021-06-08<\/a><\/p>\n<p>10\/06\/2021 <a href=\"https:\/\/contratacion.almunecar.es\/wp-content\/uploads\/2020\/10\/Acta-Mesa-de-Contratacion-2021-06-08.pdf\">Acta Mesa de Contratacion 2021-06-08<\/a><\/p>\n<p>30\/06\/2021 <a href=\"https:\/\/contratacion.almunecar.es\/wp-content\/uploads\/2021\/06\/CITACION-MESA-DE-CONTRATACION-2021-07-02.pdf\">CITACION MESA DE CONTRATACION 2021-07-02<\/a><\/p>\n<p>12\/07\/2021 <a href=\"https:\/\/contratacion.almunecar.es\/wp-content\/uploads\/2021\/06\/ACTA-MESA-DE-CONTRATACION-20210702.pdf\">ACTA MESA DE CONTRATACION 20210702<\/a><\/p>\n<p>22\/07\/2021 <a href=\"https:\/\/contratacion.almunecar.es\/wp-content\/uploads\/2020\/10\/CERTIFICADO-JGL-210721-Ord-10.pdf\">CERTIFICADO JGL 210721 Ord 10<\/a><\/p>\n<p>22\/07\/2021 <a href=\"https:\/\/contratacion.almunecar.es\/wp-content\/uploads\/2020\/10\/AN_DOCREQ2021-NOT-02226598.pdf\">Comunicaci\u00f3n Requerimiento de Documentaci\u00f3n a Gaona<\/a><\/p>\n<p>17\/08\/2021 <a href=\"https:\/\/contratacion.almunecar.es\/wp-content\/uploads\/2020\/10\/Adjudicacion-ases.pdf\">AJGL Adjudicaci\u00f3n de contrato<\/a><\/p>\n<p>17\/08\/2021 <a href=\"https:\/\/contratacion.almunecar.es\/wp-content\/uploads\/2020\/10\/DOC_CAN_ADJ2021-189968.pdf\">PLACSP &#8211; Adjudicaci\u00f3n<\/a><\/p>\n<p>14\/09\/2021 <a href=\"https:\/\/contratacion.almunecar.es\/wp-content\/uploads\/2020\/10\/DOC_FORM2021-253895.pdf\">PLACSP- Anuncio de Formalizaci\u00f3n<\/a><\/p>\n","protected":false},"excerpt":{"rendered":"<p>15\/10\/2020 PPT 15\/10\/2020 PCAP 15\/10\/2020 Certificaci\u00f3n de Gobierno, Acuerdo de Junta de Gobierno Local de Aprobaci\u00f3n del Expediente 15\/10\/2020 PLACSP &#8211; Anuncio licitaci\u00f3n 15\/10\/2020 PLACSP &#8211; Documento de los Pliegos 15\/10\/2020 Ampliaci\u00f3n plazo de presentaci\u00f3n de ofertas 15\/10\/2020 PLACSP &#8211; Anuncio de Licitaci\u00f3n (ampliaci\u00f3n de plazo) 15\/10\/2020 PLACSP &#8211; Documento de los pliegos (ampliaci\u00f3n plazo)&hellip; <br \/> <a class=\"button small blue\" href=\"https:\/\/contratacion.almunecar.es\/?p=3197\">Leer m\u00e1s<\/a><\/p>\n","protected":false},"author":5,"featured_media":0,"comment_status":"closed","ping_status":"closed","sticky":false,"template":"","format":"standard","meta":{"_acf_changed":false,"footnotes":""},"categories":[5,3,7,4],"tags":[],"class_list":["post-3197","post","type-post","status-publish","format-standard","hentry","category-adjudicacion_final","category-anuncio","category-formalizacion","category-licitacion"],"acf":[],"_links":{"self":[{"href":"https:\/\/contratacion.almunecar.es\/index.php?rest_route=\/wp\/v2\/posts\/3197","targetHints":{"allow":["GET"]}}],"collection":[{"href":"https:\/\/contratacion.almunecar.es\/index.php?rest_route=\/wp\/v2\/posts"}],"about":[{"href":"https:\/\/contratacion.almunecar.es\/index.php?rest_route=\/wp\/v2\/types\/post"}],"author":[{"embeddable":true,"href":"https:\/\/contratacion.almunecar.es\/index.php?rest_route=\/wp\/v2\/users\/5"}],"replies":[{"embeddable":true,"href":"https:\/\/contratacion.almunecar.es\/index.php?rest_route=%2Fwp%2Fv2%2Fcomments&post=3197"}],"version-history":[{"count":21,"href":"https:\/\/contratacion.almunecar.es\/index.php?rest_route=\/wp\/v2\/posts\/3197\/revisions"}],"predecessor-version":[{"id":4197,"href":"https:\/\/contratacion.almunecar.es\/index.php?rest_route=\/wp\/v2\/posts\/3197\/revisions\/4197"}],"wp:attachment":[{"href":"https:\/\/contratacion.almunecar.es\/index.php?rest_route=%2Fwp%2Fv2%2Fmedia&parent=3197"}],"wp:term":[{"taxonomy":"category","embeddable":true,"href":"https:\/\/contratacion.almunecar.es\/index.php?rest_route=%2Fwp%2Fv2%2Fcategories&post=3197"},{"taxonomy":"post_tag","embeddable":true,"href":"https:\/\/contratacion.almunecar.es\/index.php?rest_route=%2Fwp%2Fv2%2Ftags&post=3197"}],"curies":[{"name":"wp","href":"https:\/\/api.w.org\/{rel}","templated":true}]}}