{"id":3012,"date":"2020-07-23T13:37:54","date_gmt":"2020-07-23T11:37:54","guid":{"rendered":"https:\/\/contratacion.almunecar.es\/?p=3012"},"modified":"2020-09-04T13:10:29","modified_gmt":"2020-09-04T11:10:29","slug":"expte-137-b-2019-gest-9948-2019-concesion-administrativa-demanial-uso-privativo-para-la-explotacion-del-local-numero-4-de-los-bajos-del-paseo-del-fenicio-de-almunecar","status":"publish","type":"post","link":"https:\/\/contratacion.almunecar.es\/?p=3012","title":{"rendered":"EXPTE 137-B\/2019 (GEST 9948\/2019): CONCESI\u00d3N ADMINISTRATIVA DEMANIAL (USO PRIVATIVO) PARA LA EXPLOTACI\u00d3N DEL LOCAL N\u00daMERO 4 DE LOS BAJOS DEL PASEO DEL FENICIO DE ALMU\u00d1\u00c9CAR"},"content":{"rendered":"<p>23\/07\/2020 <a href=\"https:\/\/contratacion.almunecar.es\/wp-content\/uploads\/2020\/07\/PPT-local-4.pdf\">PPT local 4<\/a><\/p>\n<p>23\/07\/2020 <a href=\"https:\/\/contratacion.almunecar.es\/wp-content\/uploads\/2020\/07\/PCAP-local-4.pdf\">PCAP local 4<\/a><\/p>\n<p>23\/07\/2020 <a href=\"https:\/\/contratacion.almunecar.es\/wp-content\/uploads\/2020\/07\/AP-punto-segundo.pdf\">AP punto segundo<\/a><\/p>\n<p>23\/07\/2020 <a href=\"https:\/\/contratacion.almunecar.es\/wp-content\/uploads\/2020\/07\/DOC20200310130531tasa.pdf\">Informe de tasaci\u00f3n<\/a><\/p>\n<p>23\/07\/2020 <a href=\"https:\/\/contratacion.almunecar.es\/wp-content\/uploads\/2020\/07\/DOC_CN2020-117272.pdf\">PLACSP &#8211; Anuncio de licitaci\u00f3n<\/a><\/p>\n<p>23\/07\/2020 <a href=\"https:\/\/contratacion.almunecar.es\/wp-content\/uploads\/2020\/07\/DOC_CD2020-117307.pdf\">PLACSP &#8211; Documento de los pliegos<\/a><\/p>\n<p>Para m\u00e1s informaci\u00f3n y presentaci\u00f3n de ofertas: <a href=\"https:\/\/contrataciondelestado.es\/wps\/poc?uri=deeplink%3AperfilContratante&amp;idBp=q33vTayOqWh7h85%2Fpmmsfw%3D%3D\">click aqu\u00ed<\/a><\/p>\n<p><strong>Las ofertas deber\u00e1n prepararse y presentarse obligatoriamente de forma electr\u00f3nica a trav\u00e9s de la Herramienta de preparaci\u00f3n y presentaci\u00f3n de ofertas de la Plataforma de Contrataci\u00f3n del Sector P\u00fablico dentro del plazo se\u00f1alado -fecha y hora- en el anuncio de licitaci\u00f3n publicado en la PLACSP. Ser\u00e1n excluidas del procedimiento de licitaci\u00f3n las proposiciones presentadas en cualquier otro registro y por cualquier otro medio y las que se presenten fuera del plazo establecido en el anuncio de la PLACSP.<\/strong><\/p>\n<p>25\/08\/2020 <a href=\"https:\/\/contratacion.almunecar.es\/wp-content\/uploads\/2020\/07\/CITACION-MESA-DE-CONTRATACION-2020-08-27.pdf\">CITACION MESA DE CONTRATACION 2020-08-27<\/a><\/p>\n<p>04\/09\/2020 <a href=\"https:\/\/contratacion.almunecar.es\/wp-content\/uploads\/2020\/07\/Acta-Mesa-de-Contrataci\u00f3n-2020-08-27.pdf\">Acta Mesa de Contrataci\u00f3n 2020-08-27<\/a><\/p>\n","protected":false},"excerpt":{"rendered":"<p>23\/07\/2020 PPT local 4 23\/07\/2020 PCAP local 4 23\/07\/2020 AP punto segundo 23\/07\/2020 Informe de tasaci\u00f3n 23\/07\/2020 PLACSP &#8211; Anuncio de licitaci\u00f3n 23\/07\/2020 PLACSP &#8211; Documento de los pliegos Para m\u00e1s informaci\u00f3n y presentaci\u00f3n de ofertas: click aqu\u00ed Las ofertas deber\u00e1n prepararse y presentarse obligatoriamente de forma electr\u00f3nica a trav\u00e9s de la Herramienta de preparaci\u00f3n&hellip; <br \/> <a class=\"button small blue\" href=\"https:\/\/contratacion.almunecar.es\/?p=3012\">Leer m\u00e1s<\/a><\/p>\n","protected":false},"author":5,"featured_media":0,"comment_status":"closed","ping_status":"closed","sticky":false,"template":"","format":"standard","meta":{"_acf_changed":false,"footnotes":""},"categories":[1],"tags":[],"class_list":["post-3012","post","type-post","status-publish","format-standard","hentry","category-sin_categoria"],"acf":[],"_links":{"self":[{"href":"https:\/\/contratacion.almunecar.es\/index.php?rest_route=\/wp\/v2\/posts\/3012","targetHints":{"allow":["GET"]}}],"collection":[{"href":"https:\/\/contratacion.almunecar.es\/index.php?rest_route=\/wp\/v2\/posts"}],"about":[{"href":"https:\/\/contratacion.almunecar.es\/index.php?rest_route=\/wp\/v2\/types\/post"}],"author":[{"embeddable":true,"href":"https:\/\/contratacion.almunecar.es\/index.php?rest_route=\/wp\/v2\/users\/5"}],"replies":[{"embeddable":true,"href":"https:\/\/contratacion.almunecar.es\/index.php?rest_route=%2Fwp%2Fv2%2Fcomments&post=3012"}],"version-history":[{"count":6,"href":"https:\/\/contratacion.almunecar.es\/index.php?rest_route=\/wp\/v2\/posts\/3012\/revisions"}],"predecessor-version":[{"id":3156,"href":"https:\/\/contratacion.almunecar.es\/index.php?rest_route=\/wp\/v2\/posts\/3012\/revisions\/3156"}],"wp:attachment":[{"href":"https:\/\/contratacion.almunecar.es\/index.php?rest_route=%2Fwp%2Fv2%2Fmedia&parent=3012"}],"wp:term":[{"taxonomy":"category","embeddable":true,"href":"https:\/\/contratacion.almunecar.es\/index.php?rest_route=%2Fwp%2Fv2%2Fcategories&post=3012"},{"taxonomy":"post_tag","embeddable":true,"href":"https:\/\/contratacion.almunecar.es\/index.php?rest_route=%2Fwp%2Fv2%2Ftags&post=3012"}],"curies":[{"name":"wp","href":"https:\/\/api.w.org\/{rel}","templated":true}]}}