{"id":2892,"date":"2020-06-19T13:50:53","date_gmt":"2020-06-19T11:50:53","guid":{"rendered":"https:\/\/contratacion.almunecar.es\/?p=2892"},"modified":"2020-06-19T13:50:53","modified_gmt":"2020-06-19T11:50:53","slug":"expte-45-2020patronato-turismo-contratacion-del-suministro-de-termometros-digitales-para-distribuirlos-entre-los-centros-de-visita-y-recursos-turisticos-del-municipio-asi-como-a-las-empresas-turi","status":"publish","type":"post","link":"https:\/\/contratacion.almunecar.es\/?p=2892","title":{"rendered":"Expte 45-2020(PATRONATO TURISMO): CONTRATACI\u00d3N DEL SUMINISTRO DE TERM\u00d3METROS DIGITALES PARA DISTRIBUIRLOS ENTRE LOS CENTROS DE VISITA Y RECURSOS TUR\u00cdSTICOS DEL MUNICIPIO, AS\u00cd COMO, A LAS EMPRESAS TUR\u00cdSTICAS DEL MUNICIPIO QUE LO SOLICITEN."},"content":{"rendered":"<p>19\/06\/2020 <a href=\"https:\/\/contratacion.almunecar.es\/wp-content\/uploads\/2020\/06\/Decreto-de-Presidencia-_PMT-RESOLUCIONES-2020-0018-Contrato-de-emergencia_-term\u00f3metros-digitales.pdf\">Decreto de Presidencia\u00a0_PMT RESOLUCIONES 2020-0018 [Contrato de emergencia_ term\u00f3metros digitales]<\/a><\/p>\n","protected":false},"excerpt":{"rendered":"<p>19\/06\/2020 Decreto de Presidencia\u00a0_PMT RESOLUCIONES 2020-0018 [Contrato de emergencia_ term\u00f3metros digitales]<\/p>\n","protected":false},"author":5,"featured_media":0,"comment_status":"closed","ping_status":"closed","sticky":false,"template":"","format":"standard","meta":{"_acf_changed":false,"footnotes":""},"categories":[16],"tags":[],"class_list":["post-2892","post","type-post","status-publish","format-standard","hentry","category-especial"],"acf":[],"_links":{"self":[{"href":"https:\/\/contratacion.almunecar.es\/index.php?rest_route=\/wp\/v2\/posts\/2892","targetHints":{"allow":["GET"]}}],"collection":[{"href":"https:\/\/contratacion.almunecar.es\/index.php?rest_route=\/wp\/v2\/posts"}],"about":[{"href":"https:\/\/contratacion.almunecar.es\/index.php?rest_route=\/wp\/v2\/types\/post"}],"author":[{"embeddable":true,"href":"https:\/\/contratacion.almunecar.es\/index.php?rest_route=\/wp\/v2\/users\/5"}],"replies":[{"embeddable":true,"href":"https:\/\/contratacion.almunecar.es\/index.php?rest_route=%2Fwp%2Fv2%2Fcomments&post=2892"}],"version-history":[{"count":1,"href":"https:\/\/contratacion.almunecar.es\/index.php?rest_route=\/wp\/v2\/posts\/2892\/revisions"}],"predecessor-version":[{"id":2894,"href":"https:\/\/contratacion.almunecar.es\/index.php?rest_route=\/wp\/v2\/posts\/2892\/revisions\/2894"}],"wp:attachment":[{"href":"https:\/\/contratacion.almunecar.es\/index.php?rest_route=%2Fwp%2Fv2%2Fmedia&parent=2892"}],"wp:term":[{"taxonomy":"category","embeddable":true,"href":"https:\/\/contratacion.almunecar.es\/index.php?rest_route=%2Fwp%2Fv2%2Fcategories&post=2892"},{"taxonomy":"post_tag","embeddable":true,"href":"https:\/\/contratacion.almunecar.es\/index.php?rest_route=%2Fwp%2Fv2%2Ftags&post=2892"}],"curies":[{"name":"wp","href":"https:\/\/api.w.org\/{rel}","templated":true}]}}