{"id":2793,"date":"2020-05-15T12:51:56","date_gmt":"2020-05-15T10:51:56","guid":{"rendered":"https:\/\/contratacion.almunecar.es\/?p=2793"},"modified":"2020-10-09T09:55:56","modified_gmt":"2020-10-09T07:55:56","slug":"expte-129-2019-gest-9363-2019-suministro-instalacion-de-equipos-de-calefaccion-acs-y-deshumectadora-y-reparaciones-de-las-instalaciones-existentes-en-edificios-municipales-deportivos","status":"publish","type":"post","link":"https:\/\/contratacion.almunecar.es\/?p=2793","title":{"rendered":"EXPTE 129\/2019 (GEST 9363\/2019): SUMINISTRO, INSTALACI\u00d3N DE EQUIPOS DE CALEFACCI\u00d3N ACS Y DESHUMECTADORA Y REPARACIONES DE LAS INSTALACIONES EXISTENTES EN EDIFICIOS MUNICIPALES DEPORTIVOS"},"content":{"rendered":"<p>29\/05\/2020 <a href=\"https:\/\/contratacion.almunecar.es\/wp-content\/uploads\/2020\/05\/PPT.pdf\">PPT<\/a> (modificado)<\/p>\n<p>29\/05\/2020 <a href=\"https:\/\/contratacion.almunecar.es\/wp-content\/uploads\/2020\/05\/PCAP.pdf\">PCAP<\/a> (modificado)<\/p>\n<p>15\/05\/2020 <a href=\"https:\/\/contratacion.almunecar.es\/wp-content\/uploads\/2020\/05\/Aprobacion.pdf\">Aprobaci\u00f3n de expediente<\/a><\/p>\n<p>15\/05\/2020 <a href=\"https:\/\/contratacion.almunecar.es\/wp-content\/uploads\/2020\/05\/PLACSP-Anuncio-Licitaci\u00f3n-2.pdf\">PLACSP &#8211; Anuncio Licitaci\u00f3n<\/a><\/p>\n<p>15\/05\/2020 <a href=\"https:\/\/contratacion.almunecar.es\/wp-content\/uploads\/2020\/05\/PLACSP-Documento-de-los-Pliegos.pdf\">PLACSP &#8211; Documento de los Pliegos<\/a><\/p>\n<p>Para m\u00e1s informaci\u00f3n y presentaci\u00f3n de ofertas: <a href=\"https:\/\/contrataciondelestado.es\/wps\/poc?uri=deeplink%3Adetalle_licitacion&amp;idEvl=hH7XyYr4F9t7h85%2Fpmmsfw%3D%3D\">pinche aqu\u00ed<\/a><\/p>\n<p>ACTUALIZACI\u00d3N 21\/05\/2020: Error detectado en los pliegos. Una vez rectificado se proceder\u00e1 a abrir nuevamente el plazo para presentaci\u00f3n de ofertas, volviendo a estar disponible la herramienta de preparaci\u00f3n y presentaci\u00f3n de ofertas de la Plataforma de contrataci\u00f3n del Sector P\u00fablico.<\/p>\n<p>21\/05\/2020 <a href=\"https:\/\/contratacion.almunecar.es\/wp-content\/uploads\/2020\/05\/ANUL_CD2020-970607.pdf\">PLACSP &#8211; Anulaci\u00f3n Pliegos<\/a><\/p>\n<p>21\/05\/2020 <a href=\"https:\/\/contratacion.almunecar.es\/wp-content\/uploads\/2020\/05\/DOC_CN2020-970626.pdf\">PLACSP &#8211; Rectificaci\u00f3n Anuncio de Licitaci\u00f3n<\/a><\/p>\n<p><strong>ACTUALIZACI\u00d3N 29\/05\/2020: Abierto nuevo plazo de presentaci\u00f3n de ofertas y cargados en el expediente Pliegos corregidos.<\/strong><\/p>\n<p>29\/05\/2020 <a href=\"https:\/\/contratacion.almunecar.es\/wp-content\/uploads\/2020\/05\/Acuerdo-JGL-rectificaci\u00f3n-de-los-pliegos.pdf\">Acuerdo JGL rectificaci\u00f3n de los pliegos<\/a><\/p>\n<p>29\/05\/2020 <a href=\"https:\/\/contratacion.almunecar.es\/wp-content\/uploads\/2020\/05\/PLACSP-Anuncio-de-licitaci\u00f3n-correcto.pdf\">PLACSP &#8211; Anuncio de licitaci\u00f3n correcto<\/a><\/p>\n<p>29\/05\/2020 <a href=\"https:\/\/contratacion.almunecar.es\/wp-content\/uploads\/2020\/05\/PLACSP-Documento-de-los-pliegos-correcto.pdf\">PLACSP &#8211; Documento de los pliegos correcto<\/a><\/p>\n<p>19\/06\/2020 <a href=\"https:\/\/contratacion.almunecar.es\/wp-content\/uploads\/2020\/05\/Mesa-23062020.pdf\">Citaci\u00f3n Mesa de Contrataci\u00f3n 23 junio 2020<\/a><\/p>\n<p>26\/06\/2020 <a href=\"https:\/\/contratacion.almunecar.es\/wp-content\/uploads\/2020\/05\/Acta-23062020.pdf\">Acta 23062020<\/a><\/p>\n<p>31\/08\/2020 <a href=\"https:\/\/contratacion.almunecar.es\/wp-content\/uploads\/2020\/05\/20200828_Certificado_Certificado-Junta-de-Gobierno_CERTIFICAGOBIERNO-ordinal-4\u00ba.pdf\">CERTIFICAGOBIERNO adjudicaci\u00f3n ordinal 4\u00ba<\/a><\/p>\n<p>09\/10\/2020 <a href=\"https:\/\/contratacion.almunecar.es\/wp-content\/uploads\/2020\/05\/20201009_PLACSP-Formalizaci\u00f3n.pdf\">PLACSP &#8211; Formalizaci\u00f3n<\/a><\/p>\n","protected":false},"excerpt":{"rendered":"<p>29\/05\/2020 PPT (modificado) 29\/05\/2020 PCAP (modificado) 15\/05\/2020 Aprobaci\u00f3n de expediente 15\/05\/2020 PLACSP &#8211; Anuncio Licitaci\u00f3n 15\/05\/2020 PLACSP &#8211; Documento de los Pliegos Para m\u00e1s informaci\u00f3n y presentaci\u00f3n de ofertas: pinche aqu\u00ed ACTUALIZACI\u00d3N 21\/05\/2020: Error detectado en los pliegos. Una vez rectificado se proceder\u00e1 a abrir nuevamente el plazo para presentaci\u00f3n de ofertas, volviendo a estar&hellip; <br \/> <a class=\"button small blue\" href=\"https:\/\/contratacion.almunecar.es\/?p=2793\">Leer m\u00e1s<\/a><\/p>\n","protected":false},"author":5,"featured_media":0,"comment_status":"closed","ping_status":"closed","sticky":false,"template":"","format":"standard","meta":{"_acf_changed":false,"footnotes":""},"categories":[5,3,7,4],"tags":[],"class_list":["post-2793","post","type-post","status-publish","format-standard","hentry","category-adjudicacion_final","category-anuncio","category-formalizacion","category-licitacion"],"acf":[],"_links":{"self":[{"href":"https:\/\/contratacion.almunecar.es\/index.php?rest_route=\/wp\/v2\/posts\/2793","targetHints":{"allow":["GET"]}}],"collection":[{"href":"https:\/\/contratacion.almunecar.es\/index.php?rest_route=\/wp\/v2\/posts"}],"about":[{"href":"https:\/\/contratacion.almunecar.es\/index.php?rest_route=\/wp\/v2\/types\/post"}],"author":[{"embeddable":true,"href":"https:\/\/contratacion.almunecar.es\/index.php?rest_route=\/wp\/v2\/users\/5"}],"replies":[{"embeddable":true,"href":"https:\/\/contratacion.almunecar.es\/index.php?rest_route=%2Fwp%2Fv2%2Fcomments&post=2793"}],"version-history":[{"count":9,"href":"https:\/\/contratacion.almunecar.es\/index.php?rest_route=\/wp\/v2\/posts\/2793\/revisions"}],"predecessor-version":[{"id":3190,"href":"https:\/\/contratacion.almunecar.es\/index.php?rest_route=\/wp\/v2\/posts\/2793\/revisions\/3190"}],"wp:attachment":[{"href":"https:\/\/contratacion.almunecar.es\/index.php?rest_route=%2Fwp%2Fv2%2Fmedia&parent=2793"}],"wp:term":[{"taxonomy":"category","embeddable":true,"href":"https:\/\/contratacion.almunecar.es\/index.php?rest_route=%2Fwp%2Fv2%2Fcategories&post=2793"},{"taxonomy":"post_tag","embeddable":true,"href":"https:\/\/contratacion.almunecar.es\/index.php?rest_route=%2Fwp%2Fv2%2Ftags&post=2793"}],"curies":[{"name":"wp","href":"https:\/\/api.w.org\/{rel}","templated":true}]}}