{"id":2757,"date":"2020-05-08T14:18:14","date_gmt":"2020-05-08T12:18:14","guid":{"rendered":"https:\/\/contratacion.almunecar.es\/?p=2757"},"modified":"2020-07-30T10:54:05","modified_gmt":"2020-07-30T08:54:05","slug":"expte-2-2020-gest-297-2020-suministros-de-impresion-para-los-diferentes-departamentos-municipales-del-ayuntamiento-de-almunecar","status":"publish","type":"post","link":"https:\/\/contratacion.almunecar.es\/?p=2757","title":{"rendered":"EXPTE 2-2020 (GEST 297\/2020): SUMINISTROS DE IMPRESI\u00d3N PARA LOS DIFERENTES DEPARTAMENTOS MUNICIPALES DEL AYUNTAMIENTO DE ALMU\u00d1\u00c9CAR"},"content":{"rendered":"<p>08\/05\/2020 <a href=\"https:\/\/contratacion.almunecar.es\/wp-content\/uploads\/2020\/05\/20200120_Informe_2020_PLIEGO-T\u00c9CNICO-CONSUMIBLES-IMPRESI\u00d3N.pdf\">PLIEGO T\u00c9CNICO CONSUMIBLES IMPRESI\u00d3N<\/a><\/p>\n<p>08\/05\/2020 <a href=\"https:\/\/contratacion.almunecar.es\/wp-content\/uploads\/2020\/05\/20200120_Contrato_Pliego-de-cl\u00e1usulas_PCAP-SUMINISTROS-DE-CONSUMIBLES-DE-IMPRESI\u00d3N-1.pdf\">PCAP SUMINISTROS DE CONSUMIBLES DE IMPRESI\u00d3N\u00a0<\/a><\/p>\n<p>08\/05\/2020 <a href=\"https:\/\/contratacion.almunecar.es\/wp-content\/uploads\/2020\/05\/acuerdo.pdf\">Acuerdo aprobaci\u00f3n de expediente<\/a><\/p>\n<p>08\/05\/2020 <a href=\"https:\/\/contratacion.almunecar.es\/wp-content\/uploads\/2020\/05\/PLACSP-Anuncio-Licitaci\u00f3n-1.pdf\">PLACSP &#8211; Anuncio Licitaci\u00f3n<\/a><\/p>\n<p>08\/05\/2020 <a href=\"https:\/\/contratacion.almunecar.es\/wp-content\/uploads\/2020\/05\/PLACSP-Documento-Pliegos.pdf\">PLACSP &#8211; Documento Pliegos<\/a><\/p>\n<p>Para m\u00e1s informaci\u00f3n y presentaci\u00f3n de ofertas: <a href=\"https:\/\/contrataciondelestado.es\/wps\/poc?uri=deeplink%3Adetalle_licitacion&amp;idEvl=Wr2iHiE5d%2BsBPRBxZ4nJ%2Fg%3D%3D\">pinche aqu\u00ed\u00a0<\/a><\/p>\n<p>26\/05\/2020 <a href=\"https:\/\/contratacion.almunecar.es\/wp-content\/uploads\/2020\/05\/citacion-mesa.pdf\">Citaci\u00f3n Mesa de Contrataci\u00f3n<\/a><\/p>\n<p>03\/06\/2020 <a href=\"https:\/\/contratacion.almunecar.es\/wp-content\/uploads\/2020\/05\/20200603_Acta_Acta-mesas_Acta-mesa-de-contrataci\u00f3n-28-05-2020.pdf\">Acta mesa de contrataci\u00f3n 28-05-2020<\/a><\/p>\n<p>09\/06\/2020 <a href=\"https:\/\/contratacion.almunecar.es\/wp-content\/uploads\/2020\/05\/Citaci\u00f3n-Mesa-de-Contrataci\u00f3n.pdf\">Citaci\u00f3n Mesa de Contrataci\u00f3n<\/a><\/p>\n<p>16\/06\/2020 <a href=\"https:\/\/contratacion.almunecar.es\/wp-content\/uploads\/2020\/03\/acta.pdf\">Acta Mesa de Contrataci\u00f3n 10 junio 2020<\/a><\/p>\n<p>20\/07\/2020 <a href=\"https:\/\/contratacion.almunecar.es\/wp-content\/uploads\/2020\/05\/AJGL-Adjudicacion.pdf\">AJGL Adjudicacion<\/a><\/p>\n<p>30\/07\/2020 <a href=\"https:\/\/contratacion.almunecar.es\/wp-content\/uploads\/2020\/05\/DOC_FORM2020-130314.pdf\">PLACSP &#8211; Formalizaci\u00f3n<\/a><\/p>\n","protected":false},"excerpt":{"rendered":"<p>08\/05\/2020 PLIEGO T\u00c9CNICO CONSUMIBLES IMPRESI\u00d3N 08\/05\/2020 PCAP SUMINISTROS DE CONSUMIBLES DE IMPRESI\u00d3N\u00a0 08\/05\/2020 Acuerdo aprobaci\u00f3n de expediente 08\/05\/2020 PLACSP &#8211; Anuncio Licitaci\u00f3n 08\/05\/2020 PLACSP &#8211; Documento Pliegos Para m\u00e1s informaci\u00f3n y presentaci\u00f3n de ofertas: pinche aqu\u00ed\u00a0 26\/05\/2020 Citaci\u00f3n Mesa de Contrataci\u00f3n 03\/06\/2020 Acta mesa de contrataci\u00f3n 28-05-2020 09\/06\/2020 Citaci\u00f3n Mesa de Contrataci\u00f3n 16\/06\/2020 Acta Mesa&hellip; <br \/> <a class=\"button small blue\" href=\"https:\/\/contratacion.almunecar.es\/?p=2757\">Leer m\u00e1s<\/a><\/p>\n","protected":false},"author":5,"featured_media":0,"comment_status":"closed","ping_status":"closed","sticky":false,"template":"","format":"standard","meta":{"_acf_changed":false,"footnotes":""},"categories":[5,12,4],"tags":[],"class_list":["post-2757","post","type-post","status-publish","format-standard","hentry","category-adjudicacion_final","category-formalizacion-de-contrato","category-licitacion"],"acf":[],"_links":{"self":[{"href":"https:\/\/contratacion.almunecar.es\/index.php?rest_route=\/wp\/v2\/posts\/2757","targetHints":{"allow":["GET"]}}],"collection":[{"href":"https:\/\/contratacion.almunecar.es\/index.php?rest_route=\/wp\/v2\/posts"}],"about":[{"href":"https:\/\/contratacion.almunecar.es\/index.php?rest_route=\/wp\/v2\/types\/post"}],"author":[{"embeddable":true,"href":"https:\/\/contratacion.almunecar.es\/index.php?rest_route=\/wp\/v2\/users\/5"}],"replies":[{"embeddable":true,"href":"https:\/\/contratacion.almunecar.es\/index.php?rest_route=%2Fwp%2Fv2%2Fcomments&post=2757"}],"version-history":[{"count":10,"href":"https:\/\/contratacion.almunecar.es\/index.php?rest_route=\/wp\/v2\/posts\/2757\/revisions"}],"predecessor-version":[{"id":3050,"href":"https:\/\/contratacion.almunecar.es\/index.php?rest_route=\/wp\/v2\/posts\/2757\/revisions\/3050"}],"wp:attachment":[{"href":"https:\/\/contratacion.almunecar.es\/index.php?rest_route=%2Fwp%2Fv2%2Fmedia&parent=2757"}],"wp:term":[{"taxonomy":"category","embeddable":true,"href":"https:\/\/contratacion.almunecar.es\/index.php?rest_route=%2Fwp%2Fv2%2Fcategories&post=2757"},{"taxonomy":"post_tag","embeddable":true,"href":"https:\/\/contratacion.almunecar.es\/index.php?rest_route=%2Fwp%2Fv2%2Ftags&post=2757"}],"curies":[{"name":"wp","href":"https:\/\/api.w.org\/{rel}","templated":true}]}}