{"id":2749,"date":"2020-05-08T11:40:24","date_gmt":"2020-05-08T09:40:24","guid":{"rendered":"https:\/\/contratacion.almunecar.es\/?p=2749"},"modified":"2020-05-08T11:40:24","modified_gmt":"2020-05-08T09:40:24","slug":"expte-38-2020-contratacion-del-suministro-de-mascarillas-como-elementos-de-proteccion-ante-la-situacion-de-emergencia-generada-por-el-covid-19","status":"publish","type":"post","link":"https:\/\/contratacion.almunecar.es\/?p=2749","title":{"rendered":"Expte 38-2020: CONTRATACI\u00d3N DEL SUMINISTRO DE MASCARILLAS COMO ELEMENTOS DE PROTECCI\u00d3N ANTE LA SITUACI\u00d3N DE EMERGENCIA GENERADA POR EL COVID-19."},"content":{"rendered":"<p>08\/05\/2020 <a href=\"https:\/\/contratacion.almunecar.es\/wp-content\/uploads\/2020\/05\/Decreto-2020-1580.pdf\">Decreto 2020 1580<\/a><\/p>\n<p>08\/05\/2020 <a href=\"https:\/\/contratacion.almunecar.es\/wp-content\/uploads\/2020\/05\/PLACSP-Adjudicaci\u00f3n-2.pdf\">PLACSP &#8211; Adjudicaci\u00f3n<\/a><\/p>\n<p>08\/05\/2020 <a href=\"https:\/\/contratacion.almunecar.es\/wp-content\/uploads\/2020\/05\/PLACSP-Formalizaci\u00f3n-1.pdf\">PLACSP &#8211; Formalizaci\u00f3n<\/a><\/p>\n","protected":false},"excerpt":{"rendered":"<p>08\/05\/2020 Decreto 2020 1580 08\/05\/2020 PLACSP &#8211; Adjudicaci\u00f3n 08\/05\/2020 PLACSP &#8211; Formalizaci\u00f3n<\/p>\n","protected":false},"author":5,"featured_media":0,"comment_status":"closed","ping_status":"closed","sticky":false,"template":"","format":"standard","meta":{"_acf_changed":false,"footnotes":""},"categories":[5,16,7],"tags":[],"class_list":["post-2749","post","type-post","status-publish","format-standard","hentry","category-adjudicacion_final","category-especial","category-formalizacion"],"acf":[],"_links":{"self":[{"href":"https:\/\/contratacion.almunecar.es\/index.php?rest_route=\/wp\/v2\/posts\/2749","targetHints":{"allow":["GET"]}}],"collection":[{"href":"https:\/\/contratacion.almunecar.es\/index.php?rest_route=\/wp\/v2\/posts"}],"about":[{"href":"https:\/\/contratacion.almunecar.es\/index.php?rest_route=\/wp\/v2\/types\/post"}],"author":[{"embeddable":true,"href":"https:\/\/contratacion.almunecar.es\/index.php?rest_route=\/wp\/v2\/users\/5"}],"replies":[{"embeddable":true,"href":"https:\/\/contratacion.almunecar.es\/index.php?rest_route=%2Fwp%2Fv2%2Fcomments&post=2749"}],"version-history":[{"count":3,"href":"https:\/\/contratacion.almunecar.es\/index.php?rest_route=\/wp\/v2\/posts\/2749\/revisions"}],"predecessor-version":[{"id":2756,"href":"https:\/\/contratacion.almunecar.es\/index.php?rest_route=\/wp\/v2\/posts\/2749\/revisions\/2756"}],"wp:attachment":[{"href":"https:\/\/contratacion.almunecar.es\/index.php?rest_route=%2Fwp%2Fv2%2Fmedia&parent=2749"}],"wp:term":[{"taxonomy":"category","embeddable":true,"href":"https:\/\/contratacion.almunecar.es\/index.php?rest_route=%2Fwp%2Fv2%2Fcategories&post=2749"},{"taxonomy":"post_tag","embeddable":true,"href":"https:\/\/contratacion.almunecar.es\/index.php?rest_route=%2Fwp%2Fv2%2Ftags&post=2749"}],"curies":[{"name":"wp","href":"https:\/\/api.w.org\/{rel}","templated":true}]}}