{"id":2743,"date":"2020-05-08T10:05:59","date_gmt":"2020-05-08T08:05:59","guid":{"rendered":"https:\/\/contratacion.almunecar.es\/?p=2743"},"modified":"2020-05-08T10:05:59","modified_gmt":"2020-05-08T08:05:59","slug":"expte-37-2020-gest-2867-2020-contratacion-del-suministro-de-mascarillas-como-elementos-de-proteccion-ante-la-situacion-de-emergencia-generada-por-el-covid-19","status":"publish","type":"post","link":"https:\/\/contratacion.almunecar.es\/?p=2743","title":{"rendered":"Expte 37-2020 (GEST 2867\/2020): CONTRATACI\u00d3N DEL SUMINISTRO DE MASCARILLAS COMO ELEMENTOS DE PROTECCI\u00d3N ANTE LA SITUACI\u00d3N DE EMERGENCIA GENERADA POR EL COVID-19."},"content":{"rendered":"<p>08\/05\/2020 <a href=\"https:\/\/contratacion.almunecar.es\/wp-content\/uploads\/2020\/05\/DECRETO-2020-1522.pdf\">DECRETO 2020 1522<\/a><\/p>\n<p>08\/05\/2020 <a href=\"https:\/\/contratacion.almunecar.es\/wp-content\/uploads\/2020\/05\/PLACSP-Anuncio-Adjudicaci\u00f3n.pdf\">PLACSP &#8211; Anuncio Adjudicaci\u00f3n<\/a><\/p>\n<p>08\/05\/2020 <a href=\"https:\/\/contratacion.almunecar.es\/wp-content\/uploads\/2020\/05\/PLACS-Anuncio-Formalizaci\u00f3n.pdf\">PLACS &#8211; Anuncio Formalizaci\u00f3n<\/a><\/p>\n","protected":false},"excerpt":{"rendered":"<p>08\/05\/2020 DECRETO 2020 1522 08\/05\/2020 PLACSP &#8211; Anuncio Adjudicaci\u00f3n 08\/05\/2020 PLACS &#8211; Anuncio Formalizaci\u00f3n<\/p>\n","protected":false},"author":5,"featured_media":0,"comment_status":"closed","ping_status":"closed","sticky":false,"template":"","format":"standard","meta":{"_acf_changed":false,"footnotes":""},"categories":[5,16,7],"tags":[],"class_list":["post-2743","post","type-post","status-publish","format-standard","hentry","category-adjudicacion_final","category-especial","category-formalizacion"],"acf":[],"_links":{"self":[{"href":"https:\/\/contratacion.almunecar.es\/index.php?rest_route=\/wp\/v2\/posts\/2743","targetHints":{"allow":["GET"]}}],"collection":[{"href":"https:\/\/contratacion.almunecar.es\/index.php?rest_route=\/wp\/v2\/posts"}],"about":[{"href":"https:\/\/contratacion.almunecar.es\/index.php?rest_route=\/wp\/v2\/types\/post"}],"author":[{"embeddable":true,"href":"https:\/\/contratacion.almunecar.es\/index.php?rest_route=\/wp\/v2\/users\/5"}],"replies":[{"embeddable":true,"href":"https:\/\/contratacion.almunecar.es\/index.php?rest_route=%2Fwp%2Fv2%2Fcomments&post=2743"}],"version-history":[{"count":2,"href":"https:\/\/contratacion.almunecar.es\/index.php?rest_route=\/wp\/v2\/posts\/2743\/revisions"}],"predecessor-version":[{"id":2748,"href":"https:\/\/contratacion.almunecar.es\/index.php?rest_route=\/wp\/v2\/posts\/2743\/revisions\/2748"}],"wp:attachment":[{"href":"https:\/\/contratacion.almunecar.es\/index.php?rest_route=%2Fwp%2Fv2%2Fmedia&parent=2743"}],"wp:term":[{"taxonomy":"category","embeddable":true,"href":"https:\/\/contratacion.almunecar.es\/index.php?rest_route=%2Fwp%2Fv2%2Fcategories&post=2743"},{"taxonomy":"post_tag","embeddable":true,"href":"https:\/\/contratacion.almunecar.es\/index.php?rest_route=%2Fwp%2Fv2%2Ftags&post=2743"}],"curies":[{"name":"wp","href":"https:\/\/api.w.org\/{rel}","templated":true}]}}