{"id":2694,"date":"2020-03-10T14:17:43","date_gmt":"2020-03-10T12:17:43","guid":{"rendered":"https:\/\/contratacion.almunecar.es\/?p=2694"},"modified":"2021-08-11T10:58:48","modified_gmt":"2021-08-11T08:58:48","slug":"expte-136-a-2019-gest-9947-2019-concesion-administrativa-demanial-uso-privativo-para-la-explotacion-del-local-numero-1-de-los-bajos-del-paseo-del-fenicio-de-almunecar","status":"publish","type":"post","link":"https:\/\/contratacion.almunecar.es\/?p=2694","title":{"rendered":"EXPTE 136-A\/2019 (GEST 9947\/2019): CONCESI\u00d3N ADMINISTRATIVA DEMANIAL (USO PRIVATIVO) PARA LA EXPLOTACI\u00d3N DEL LOCAL N\u00daMERO 1 DE LOS BAJOS DEL PASEO DEL FENICIO DE ALMU\u00d1\u00c9CAR"},"content":{"rendered":"<p>10\/03\/2020 <a href=\"https:\/\/contratacion.almunecar.es\/wp-content\/uploads\/2020\/03\/20191215_Informe_Informe-t\u00e9cnico_TASACION-LOCALES-BAJOS-DEL-FENICIO-SUELO_13_11_19.pdf\">Tasaci\u00f3n<\/a><\/p>\n<p>10\/03\/2020 <a href=\"https:\/\/contratacion.almunecar.es\/wp-content\/uploads\/2020\/03\/PPT-LOCAL-1.pdf\">PPT LOCAL 1<\/a><\/p>\n<p>10\/03\/2020 <a href=\"https:\/\/contratacion.almunecar.es\/wp-content\/uploads\/2020\/03\/PCAP-local-4.pdf\">PCAP local 4<\/a><\/p>\n<p>10\/03\/2020 <a href=\"https:\/\/contratacion.almunecar.es\/wp-content\/uploads\/2020\/03\/apro.pdf\">AP aprobaci\u00f3n expediente<\/a><\/p>\n<p>10\/03\/2020<a href=\"https:\/\/contratacion.almunecar.es\/wp-content\/uploads\/2020\/03\/20191227_Acuerdo_Acuerdo-del-Pleno_CERTIFICADOSPLENO-Ord.-7\u00ba-Exp.-9947_2019-Local-1-Bajos-fenicio..pdf\">AP nuevo tr\u00e1mite de presentaci\u00f3n de ofertas<\/a><\/p>\n<p>10\/03\/2020 <a href=\"https:\/\/contratacion.almunecar.es\/wp-content\/uploads\/2020\/03\/DOC_CN2020-857328.pdf\">PLACSP-Licitaci\u00f3n<\/a><\/p>\n<p>10\/03\/2020 <a href=\"https:\/\/contratacion.almunecar.es\/wp-content\/uploads\/2020\/03\/DOC_CD2020-857341.pdf\">PLACSP &#8211; documento de los pliegos<\/a><\/p>\n<p>Suspensi\u00f3n del procedimiento en base a la Disposici\u00f3n Adicional Tercera del RD 463\/2020<\/p>\n<p>Actualizaci\u00f3n: A la vista de la DA 8\u00aa del Real Decreto-ley 17\/2020, de 5 de mayo, por el que se aprueban medidas de apoyo al sector cultural y de car\u00e1cter tributario para hacer frente al impacto econ\u00f3mico y social del COVID-2019 (Bolet\u00edn Oficial del Estado: mi\u00e9rcoles 6 de mayo de 2020, N\u00fam. 126),<strong> se levanta el procedimiento de contrataci\u00f3n, estableci\u00e9ndose un nuevo plazo de presentaci\u00f3n de ofertas.<\/strong><\/p>\n<p>Para m\u00e1s informaci\u00f3n y presentaci\u00f3n de ofertas <a href=\"https:\/\/contrataciondelestado.es\/wps\/poc?uri=deeplink%3Adetalle_licitacion&amp;idEvl=9yqFU5%2Fz%2FDvnSoTX3z%2F7wA%3D%3D\">pinche aqu\u00ed<\/a><\/p>\n<p>19\/06\/2020 <a href=\"https:\/\/contratacion.almunecar.es\/wp-content\/uploads\/2020\/05\/Mesa-23062020.pdf\">Citaci\u00f3n Mesa de Contrataci\u00f3n 23 junio 2020<\/a><\/p>\n<p>26\/06\/2020 <a href=\"https:\/\/contratacion.almunecar.es\/wp-content\/uploads\/2020\/05\/Acta-23062020.pdf\">Acta 23062020<\/a><\/p>\n<p>11\/08\/2021 <a href=\"https:\/\/contratacion.almunecar.es\/wp-content\/uploads\/2020\/03\/DECRETO-2021-2932.pdf\">DECRETO 2021-2932 Adjudicaci\u00f3n<\/a><\/p>\n<p>11\/08\/2021 <a href=\"https:\/\/contratacion.almunecar.es\/wp-content\/uploads\/2020\/03\/DOC_CAN_ADJ2021-180545.pdf\">PLACSP &#8211; Anuncio Adjudicaci\u00f3n<\/a><\/p>\n<p>11\/08\/2021 <a href=\"https:\/\/contratacion.almunecar.es\/wp-content\/uploads\/2020\/03\/DOC_FORM2021-180526.pdf\">PLACSP &#8211; Anuncio Formalizaci\u00f3n<\/a><\/p>\n<p>&nbsp;<\/p>\n","protected":false},"excerpt":{"rendered":"<p>10\/03\/2020 Tasaci\u00f3n 10\/03\/2020 PPT LOCAL 1 10\/03\/2020 PCAP local 4 10\/03\/2020 AP aprobaci\u00f3n expediente 10\/03\/2020AP nuevo tr\u00e1mite de presentaci\u00f3n de ofertas 10\/03\/2020 PLACSP-Licitaci\u00f3n 10\/03\/2020 PLACSP &#8211; documento de los pliegos Suspensi\u00f3n del procedimiento en base a la Disposici\u00f3n Adicional Tercera del RD 463\/2020 Actualizaci\u00f3n: A la vista de la DA 8\u00aa del Real Decreto-ley 17\/2020,&hellip; <br \/> <a class=\"button small blue\" href=\"https:\/\/contratacion.almunecar.es\/?p=2694\">Leer m\u00e1s<\/a><\/p>\n","protected":false},"author":5,"featured_media":0,"comment_status":"closed","ping_status":"closed","sticky":false,"template":"","format":"standard","meta":{"_acf_changed":false,"footnotes":""},"categories":[5,3,7],"tags":[],"class_list":["post-2694","post","type-post","status-publish","format-standard","hentry","category-adjudicacion_final","category-anuncio","category-formalizacion"],"acf":[],"_links":{"self":[{"href":"https:\/\/contratacion.almunecar.es\/index.php?rest_route=\/wp\/v2\/posts\/2694","targetHints":{"allow":["GET"]}}],"collection":[{"href":"https:\/\/contratacion.almunecar.es\/index.php?rest_route=\/wp\/v2\/posts"}],"about":[{"href":"https:\/\/contratacion.almunecar.es\/index.php?rest_route=\/wp\/v2\/types\/post"}],"author":[{"embeddable":true,"href":"https:\/\/contratacion.almunecar.es\/index.php?rest_route=\/wp\/v2\/users\/5"}],"replies":[{"embeddable":true,"href":"https:\/\/contratacion.almunecar.es\/index.php?rest_route=%2Fwp%2Fv2%2Fcomments&post=2694"}],"version-history":[{"count":10,"href":"https:\/\/contratacion.almunecar.es\/index.php?rest_route=\/wp\/v2\/posts\/2694\/revisions"}],"predecessor-version":[{"id":4053,"href":"https:\/\/contratacion.almunecar.es\/index.php?rest_route=\/wp\/v2\/posts\/2694\/revisions\/4053"}],"wp:attachment":[{"href":"https:\/\/contratacion.almunecar.es\/index.php?rest_route=%2Fwp%2Fv2%2Fmedia&parent=2694"}],"wp:term":[{"taxonomy":"category","embeddable":true,"href":"https:\/\/contratacion.almunecar.es\/index.php?rest_route=%2Fwp%2Fv2%2Fcategories&post=2694"},{"taxonomy":"post_tag","embeddable":true,"href":"https:\/\/contratacion.almunecar.es\/index.php?rest_route=%2Fwp%2Fv2%2Ftags&post=2694"}],"curies":[{"name":"wp","href":"https:\/\/api.w.org\/{rel}","templated":true}]}}