{"id":2675,"date":"2020-03-05T09:58:45","date_gmt":"2020-03-05T07:58:45","guid":{"rendered":"https:\/\/contratacion.almunecar.es\/?p=2675"},"modified":"2020-03-05T10:08:56","modified_gmt":"2020-03-05T08:08:56","slug":"expte-9-2020-gest-756-2020-anulacion-de-jardineras-de-la-fachada-y-reparacion-de-canalon-en-cp-la-santa-cruz","status":"publish","type":"post","link":"https:\/\/contratacion.almunecar.es\/?p=2675","title":{"rendered":"EXPTE. 9\/2020 (GEST 756\/2020): ANULACI\u00d3N DE JARDINERAS DE LA FACHADA Y REPARACI\u00d3N DE CANAL\u00d3N EN CP LA SANTA CRUZ"},"content":{"rendered":"<p>05\/03\/2020 <a href=\"https:\/\/contratacion.almunecar.es\/wp-content\/uploads\/2020\/03\/MEMORIA-ANULACION-JARDINERA-COLEGIO-LA-SANTA-CRUZ-2.pdf\">MEMORIA-ANULACION JARDINERA-COLEGIO LA SANTA CRUZ <\/a><\/p>\n<p>&nbsp;<\/p>\n<p>Puede presentar su oferta de <strong>forma electr\u00f3nica<\/strong> en la<a href=\"https:\/\/almunecar.sedelectronica.es\"> sede electr\u00f3nica del Ayuntamiento de Almu\u00f1\u00e9car<\/a> utilizando el procedimiento<em> \u00ab<span class=\"tabla-celda\">CONTRATACI\u00d3N. Contratacion menor: Aportaci\u00f3n de presupuestos y otra documentaci\u00f3n<\/span>\u00ab<\/em> disponible dentro del cat\u00e1logo de tr\u00e1mites.<\/p>\n","protected":false},"excerpt":{"rendered":"<p>05\/03\/2020 MEMORIA-ANULACION JARDINERA-COLEGIO LA SANTA CRUZ &nbsp; Puede presentar su oferta de forma electr\u00f3nica en la sede electr\u00f3nica del Ayuntamiento de Almu\u00f1\u00e9car utilizando el procedimiento \u00abCONTRATACI\u00d3N. Contratacion menor: Aportaci\u00f3n de presupuestos y otra documentaci\u00f3n\u00ab disponible dentro del cat\u00e1logo de tr\u00e1mites.<\/p>\n","protected":false},"author":5,"featured_media":0,"comment_status":"closed","ping_status":"closed","sticky":false,"template":"","format":"standard","meta":{"_acf_changed":false,"footnotes":""},"categories":[10],"tags":[],"class_list":["post-2675","post","type-post","status-publish","format-standard","hentry","category-menores"],"acf":[],"_links":{"self":[{"href":"https:\/\/contratacion.almunecar.es\/index.php?rest_route=\/wp\/v2\/posts\/2675","targetHints":{"allow":["GET"]}}],"collection":[{"href":"https:\/\/contratacion.almunecar.es\/index.php?rest_route=\/wp\/v2\/posts"}],"about":[{"href":"https:\/\/contratacion.almunecar.es\/index.php?rest_route=\/wp\/v2\/types\/post"}],"author":[{"embeddable":true,"href":"https:\/\/contratacion.almunecar.es\/index.php?rest_route=\/wp\/v2\/users\/5"}],"replies":[{"embeddable":true,"href":"https:\/\/contratacion.almunecar.es\/index.php?rest_route=%2Fwp%2Fv2%2Fcomments&post=2675"}],"version-history":[{"count":3,"href":"https:\/\/contratacion.almunecar.es\/index.php?rest_route=\/wp\/v2\/posts\/2675\/revisions"}],"predecessor-version":[{"id":2679,"href":"https:\/\/contratacion.almunecar.es\/index.php?rest_route=\/wp\/v2\/posts\/2675\/revisions\/2679"}],"wp:attachment":[{"href":"https:\/\/contratacion.almunecar.es\/index.php?rest_route=%2Fwp%2Fv2%2Fmedia&parent=2675"}],"wp:term":[{"taxonomy":"category","embeddable":true,"href":"https:\/\/contratacion.almunecar.es\/index.php?rest_route=%2Fwp%2Fv2%2Fcategories&post=2675"},{"taxonomy":"post_tag","embeddable":true,"href":"https:\/\/contratacion.almunecar.es\/index.php?rest_route=%2Fwp%2Fv2%2Ftags&post=2675"}],"curies":[{"name":"wp","href":"https:\/\/api.w.org\/{rel}","templated":true}]}}