{"id":2653,"date":"2020-02-27T15:44:17","date_gmt":"2020-02-27T13:44:17","guid":{"rendered":"https:\/\/contratacion.almunecar.es\/?p=2653"},"modified":"2020-06-22T12:23:34","modified_gmt":"2020-06-22T10:23:34","slug":"expte-16-2020-gest-1426-2020-servicio-de-atencion-sanitaria-salvamento-y-socorrismo-en-playas-de-almunecar","status":"publish","type":"post","link":"https:\/\/contratacion.almunecar.es\/?p=2653","title":{"rendered":"EXPTE 16\/2020 (GEST 1426\/2020): SERVICIO DE ATENCI\u00d3N SANITARIA, SALVAMENTO Y SOCORRISMO EN PLAYAS DE ALMU\u00d1\u00c9CAR"},"content":{"rendered":"<p>27\/02\/2020 <a href=\"https:\/\/contratacion.almunecar.es\/wp-content\/uploads\/2020\/02\/PPT-5.pdf\">PPT<\/a><\/p>\n<p>27\/02\/2020 <a href=\"https:\/\/contratacion.almunecar.es\/wp-content\/uploads\/2020\/02\/PCAP-5.pdf\">PCAP<\/a><\/p>\n<p>27\/02\/2020 <a href=\"https:\/\/contratacion.almunecar.es\/wp-content\/uploads\/2020\/02\/acuerdo-de-inicio-y-aprobacion.pdf\">Acuerdo de inicio y aprobaci\u00f3n del expediente<\/a><\/p>\n<p>27\/02\/2020 <a href=\"https:\/\/contratacion.almunecar.es\/wp-content\/uploads\/2020\/02\/PLACSP-Anuncio-de-licitaci\u00f3n.pdf\">PLACSP &#8211; Anuncio de licitaci\u00f3n<\/a><\/p>\n<p>27\/02\/2020 <a href=\"https:\/\/contratacion.almunecar.es\/wp-content\/uploads\/2020\/02\/PLACSP-Documento-de-los-pliegos.pdf\">PLACSP &#8211; Documento de los pliegos<\/a><\/p>\n<p>Para m\u00e1s informaci\u00f3n y presentaci\u00f3n de ofertas: <a href=\"https:\/\/contrataciondelestado.es\/wps\/poc?uri=deeplink%3Adetalle_licitacion&amp;idEvl=zzBL5VmOmTuXQV0WE7lYPw%3D%3D\">pinche aqu\u00ed<\/a><\/p>\n<p>06\/04\/2020 <a href=\"https:\/\/contratacion.almunecar.es\/wp-content\/uploads\/2020\/02\/mesa.pdf\">Citaci\u00f3n mesa de contrataci\u00f3n 13 Abril 2020<\/a><\/p>\n<p>04\/05\/2020 <a href=\"https:\/\/contratacion.almunecar.es\/wp-content\/uploads\/2020\/02\/20200430_Comunicaci\u00f3n_Convocatoria_CITACION-MESA-DE-CONTRATACION-05-05-2020.pdf\">Citaci\u00f3n MESA DE CONTRATACION 05-05-2020<\/a><\/p>\n<p>12\/05\/2020 <a href=\"https:\/\/contratacion.almunecar.es\/wp-content\/uploads\/2020\/02\/20200415_Acta_Acta-mesas_Acta-de-la-mesa-de-contrataci\u00f3n-13-04-2020-2.pdf\">Acta de la mesa de contrataci\u00f3n 13-04-2020<\/a><\/p>\n<p>12\/05\/2020 <a href=\"https:\/\/contratacion.almunecar.es\/wp-content\/uploads\/2020\/02\/ACTA-OA.pdf\">Acta Mesa de Contrataci\u00f3n 5-5-2020<\/a><\/p>\n<p>29\/05\/2020 <a href=\"https:\/\/contratacion.almunecar.es\/wp-content\/uploads\/2020\/02\/adju.pdf\">Decreto 1931\/2020, de 29 de mayo, adjudicaci\u00f3n<\/a><\/p>\n<p>22\/06\/2020 <a href=\"https:\/\/contratacion.almunecar.es\/wp-content\/uploads\/2020\/02\/DOC_FORM2020-043593.pdf\">PLACSP &#8211; Formalizaci\u00f3n<\/a><\/p>\n","protected":false},"excerpt":{"rendered":"<p>27\/02\/2020 PPT 27\/02\/2020 PCAP 27\/02\/2020 Acuerdo de inicio y aprobaci\u00f3n del expediente 27\/02\/2020 PLACSP &#8211; Anuncio de licitaci\u00f3n 27\/02\/2020 PLACSP &#8211; Documento de los pliegos Para m\u00e1s informaci\u00f3n y presentaci\u00f3n de ofertas: pinche aqu\u00ed 06\/04\/2020 Citaci\u00f3n mesa de contrataci\u00f3n 13 Abril 2020 04\/05\/2020 Citaci\u00f3n MESA DE CONTRATACION 05-05-2020 12\/05\/2020 Acta de la mesa de contrataci\u00f3n&hellip; <br \/> <a class=\"button small blue\" href=\"https:\/\/contratacion.almunecar.es\/?p=2653\">Leer m\u00e1s<\/a><\/p>\n","protected":false},"author":5,"featured_media":0,"comment_status":"closed","ping_status":"closed","sticky":false,"template":"","format":"standard","meta":{"_acf_changed":false,"footnotes":""},"categories":[5,3,12,4],"tags":[],"class_list":["post-2653","post","type-post","status-publish","format-standard","hentry","category-adjudicacion_final","category-anuncio","category-formalizacion-de-contrato","category-licitacion"],"acf":[],"_links":{"self":[{"href":"https:\/\/contratacion.almunecar.es\/index.php?rest_route=\/wp\/v2\/posts\/2653","targetHints":{"allow":["GET"]}}],"collection":[{"href":"https:\/\/contratacion.almunecar.es\/index.php?rest_route=\/wp\/v2\/posts"}],"about":[{"href":"https:\/\/contratacion.almunecar.es\/index.php?rest_route=\/wp\/v2\/types\/post"}],"author":[{"embeddable":true,"href":"https:\/\/contratacion.almunecar.es\/index.php?rest_route=\/wp\/v2\/users\/5"}],"replies":[{"embeddable":true,"href":"https:\/\/contratacion.almunecar.es\/index.php?rest_route=%2Fwp%2Fv2%2Fcomments&post=2653"}],"version-history":[{"count":7,"href":"https:\/\/contratacion.almunecar.es\/index.php?rest_route=\/wp\/v2\/posts\/2653\/revisions"}],"predecessor-version":[{"id":2896,"href":"https:\/\/contratacion.almunecar.es\/index.php?rest_route=\/wp\/v2\/posts\/2653\/revisions\/2896"}],"wp:attachment":[{"href":"https:\/\/contratacion.almunecar.es\/index.php?rest_route=%2Fwp%2Fv2%2Fmedia&parent=2653"}],"wp:term":[{"taxonomy":"category","embeddable":true,"href":"https:\/\/contratacion.almunecar.es\/index.php?rest_route=%2Fwp%2Fv2%2Fcategories&post=2653"},{"taxonomy":"post_tag","embeddable":true,"href":"https:\/\/contratacion.almunecar.es\/index.php?rest_route=%2Fwp%2Fv2%2Ftags&post=2653"}],"curies":[{"name":"wp","href":"https:\/\/api.w.org\/{rel}","templated":true}]}}