{"id":2609,"date":"2020-02-17T15:22:36","date_gmt":"2020-02-17T13:22:36","guid":{"rendered":"https:\/\/contratacion.almunecar.es\/?p=2609"},"modified":"2020-08-24T11:44:04","modified_gmt":"2020-08-24T09:44:04","slug":"expte-134-2019-gest-9740-2019-trabajos-de-restauracion-de-documentos-y-libros-pertenecientes-al-archivo-municipal-de-almunecar","status":"publish","type":"post","link":"https:\/\/contratacion.almunecar.es\/?p=2609","title":{"rendered":"EXPTE 134\/2019 (GEST 9740\/2019): TRABAJOS DE RESTAURACI\u00d3N DE DOCUMENTOS Y LIBROS PERTENECIENTES AL ARCHIVO MUNICIPAL DE ALMU\u00d1\u00c9CAR"},"content":{"rendered":"<p>17\/02\/2020 <a href=\"https:\/\/contratacion.almunecar.es\/wp-content\/uploads\/2020\/02\/PPT-4.pdf\">PPT<\/a><\/p>\n<p>17\/02\/2020 <a href=\"https:\/\/contratacion.almunecar.es\/wp-content\/uploads\/2020\/02\/PCAP-4.pdf\">PCAP<\/a><\/p>\n<p>17\/02\/2020 <a href=\"https:\/\/contratacion.almunecar.es\/wp-content\/uploads\/2020\/02\/DOC_CD2020-801833.pdf\">PLACSP &#8211; Documento de los Pliegos<\/a><\/p>\n<p>17\/02\/2020 <a href=\"https:\/\/contratacion.almunecar.es\/wp-content\/uploads\/2020\/02\/DOC_CN2020-801812.pdf\">PLACSP &#8211; Anuncio de licitaci\u00f3n<\/a><\/p>\n<p>Actualizaci\u00f3n: A la vista de la DA 8\u00aa del Real Decreto-ley 17\/2020, de 5 de mayo, por el que se aprueban medidas de apoyo al sector cultural y de car\u00e1cter tributario para hacer frente al impacto econ\u00f3mico y social del COVID-2019 (Bolet\u00edn Oficial del Estado: mi\u00e9rcoles 6 de mayo de 2020, N\u00fam. 126),<strong> se levanta el procedimiento de contrataci\u00f3n, estableci\u00e9ndose un nuevo plazo de presentaci\u00f3n de ofertas.<\/strong><\/p>\n<p>Para m\u00e1s informaci\u00f3n y presentaci\u00f3n de ofertas pinche: <a href=\"https:\/\/contrataciondelestado.es\/wps\/poc?uri=deeplink%3Adetalle_licitacion&amp;idEvl=5wznZSSJD7KiEJrVRqloyA%3D%3D\">aqu\u00ed<\/a><\/p>\n<p>26\/05\/2020 <a href=\"https:\/\/contratacion.almunecar.es\/wp-content\/uploads\/2020\/05\/citacion-mesa.pdf\">Citaci\u00f3n Mesa de Contrataci\u00f3n<\/a><\/p>\n<p>03\/06\/2020 <a href=\"https:\/\/contratacion.almunecar.es\/wp-content\/uploads\/2020\/02\/20200603_Acta_Acta-mesas_Acta-mesa-de-contrataci\u00f3n-28-05-2020-1.pdf\">Acta mesa de contrataci\u00f3n 28-05-2020<\/a><\/p>\n<p>09\/06\/2020 <a href=\"https:\/\/contratacion.almunecar.es\/wp-content\/uploads\/2020\/05\/Citaci\u00f3n-Mesa-de-Contrataci\u00f3n.pdf\">Citaci\u00f3n Mesa de Contrataci\u00f3n<\/a><\/p>\n<p>16\/06\/2020 <a href=\"https:\/\/contratacion.almunecar.es\/wp-content\/uploads\/2020\/03\/acta.pdf\">Acta Mesa de Contrataci\u00f3n 10 junio 2020<\/a><\/p>\n<p>10\/08\/2020 <a href=\"https:\/\/contratacion.almunecar.es\/wp-content\/uploads\/2020\/02\/AJGL-05082020.pdf\">Acuerdo de Junta de Gobierno Local &#8211; Adjudicaci\u00f3n<\/a><\/p>\n<p>24\/08\/2020 <a href=\"https:\/\/contratacion.almunecar.es\/wp-content\/uploads\/2020\/02\/DOC_FORM2020-177147.pdf\">PLACSP &#8211; Formalizaci\u00f3n<\/a><\/p>\n","protected":false},"excerpt":{"rendered":"<p>17\/02\/2020 PPT 17\/02\/2020 PCAP 17\/02\/2020 PLACSP &#8211; Documento de los Pliegos 17\/02\/2020 PLACSP &#8211; Anuncio de licitaci\u00f3n Actualizaci\u00f3n: A la vista de la DA 8\u00aa del Real Decreto-ley 17\/2020, de 5 de mayo, por el que se aprueban medidas de apoyo al sector cultural y de car\u00e1cter tributario para hacer frente al impacto econ\u00f3mico y&hellip; <br \/> <a class=\"button small blue\" href=\"https:\/\/contratacion.almunecar.es\/?p=2609\">Leer m\u00e1s<\/a><\/p>\n","protected":false},"author":5,"featured_media":0,"comment_status":"closed","ping_status":"closed","sticky":false,"template":"","format":"standard","meta":{"_acf_changed":false,"footnotes":""},"categories":[5,3,7],"tags":[],"class_list":["post-2609","post","type-post","status-publish","format-standard","hentry","category-adjudicacion_final","category-anuncio","category-formalizacion"],"acf":[],"_links":{"self":[{"href":"https:\/\/contratacion.almunecar.es\/index.php?rest_route=\/wp\/v2\/posts\/2609","targetHints":{"allow":["GET"]}}],"collection":[{"href":"https:\/\/contratacion.almunecar.es\/index.php?rest_route=\/wp\/v2\/posts"}],"about":[{"href":"https:\/\/contratacion.almunecar.es\/index.php?rest_route=\/wp\/v2\/types\/post"}],"author":[{"embeddable":true,"href":"https:\/\/contratacion.almunecar.es\/index.php?rest_route=\/wp\/v2\/users\/5"}],"replies":[{"embeddable":true,"href":"https:\/\/contratacion.almunecar.es\/index.php?rest_route=%2Fwp%2Fv2%2Fcomments&post=2609"}],"version-history":[{"count":10,"href":"https:\/\/contratacion.almunecar.es\/index.php?rest_route=\/wp\/v2\/posts\/2609\/revisions"}],"predecessor-version":[{"id":3119,"href":"https:\/\/contratacion.almunecar.es\/index.php?rest_route=\/wp\/v2\/posts\/2609\/revisions\/3119"}],"wp:attachment":[{"href":"https:\/\/contratacion.almunecar.es\/index.php?rest_route=%2Fwp%2Fv2%2Fmedia&parent=2609"}],"wp:term":[{"taxonomy":"category","embeddable":true,"href":"https:\/\/contratacion.almunecar.es\/index.php?rest_route=%2Fwp%2Fv2%2Fcategories&post=2609"},{"taxonomy":"post_tag","embeddable":true,"href":"https:\/\/contratacion.almunecar.es\/index.php?rest_route=%2Fwp%2Fv2%2Ftags&post=2609"}],"curies":[{"name":"wp","href":"https:\/\/api.w.org\/{rel}","templated":true}]}}