{"id":2562,"date":"2020-02-04T15:19:25","date_gmt":"2020-02-04T13:19:25","guid":{"rendered":"https:\/\/contratacion.almunecar.es\/?p=2562"},"modified":"2020-06-15T08:24:22","modified_gmt":"2020-06-15T06:24:22","slug":"expte-124-2019-gest-8755-2019-servicio-de-maquinaria-cualificada-en-la-ejecucion-de-los-trabajos-de-mantenimiento-conservacion-reparacion-y-mejora-de-espacios-publicos-y-caminos-de-almunecar","status":"publish","type":"post","link":"https:\/\/contratacion.almunecar.es\/?p=2562","title":{"rendered":"EXPTE 124\/2019 (GEST 8755\/2019): SERVICIO DE MAQUINARIA CUALIFICADA EN LA EJECUCI\u00d3N DE LOS TRABAJOS DE MANTENIMIENTO, CONSERVACI\u00d3N, REPARACI\u00d3N Y MEJORA DE ESPACIOS P\u00daBLICOS Y CAMINOS DE ALMU\u00d1\u00c9CAR"},"content":{"rendered":"<p>04\/02\/2020 <a href=\"https:\/\/contratacion.almunecar.es\/wp-content\/uploads\/2020\/02\/PPT.pdf\">PPT<\/a><\/p>\n<p>04\/02\/2020 <a href=\"https:\/\/contratacion.almunecar.es\/wp-content\/uploads\/2020\/02\/PCAP.pdf\">PCAP<\/a><\/p>\n<p>04\/02\/2020 <a href=\"https:\/\/contratacion.almunecar.es\/wp-content\/uploads\/2020\/02\/aprobacion.pdf\">Aprobaci\u00f3n del expediente<\/a><\/p>\n<p>04\/02\/2020 <a href=\"https:\/\/contratacion.almunecar.es\/wp-content\/uploads\/2020\/02\/DOC_CD2020-772203.pdf\">PLACSP &#8211; Documento de los pliegos<\/a><\/p>\n<p>04\/02\/2020 <a href=\"https:\/\/contratacion.almunecar.es\/wp-content\/uploads\/2020\/02\/DOC_CN2020-772172.pdf\">PLACSP &#8211; Anuncio Licitaci\u00f3n<\/a><\/p>\n<p>Para m\u00e1s informaci\u00f3n y para la presentaci\u00f3n de ofertas: <a href=\"https:\/\/contrataciondelestado.es\/wps\/poc?uri=deeplink%3Adetalle_licitacion&amp;idEvl=GkylUcYJOdDnSoTX3z%2F7wA%3D%3D\">pinche aqu\u00ed<\/a><\/p>\n<p>24\/02\/2020 <a href=\"https:\/\/contratacion.almunecar.es\/wp-content\/uploads\/2020\/02\/mesadecon.pdf\">Citaci\u00f3n Mesa de Contrataci\u00f3n<\/a><\/p>\n<p>02\/03\/2020 <a href=\"https:\/\/contratacion.almunecar.es\/wp-content\/uploads\/2020\/02\/acta-mesa.pdf\">Acta mesa de contrataci\u00f3n 26 febrero 2020<\/a><\/p>\n<p>09\/03\/2020 <a href=\"https:\/\/contratacion.almunecar.es\/wp-content\/uploads\/2020\/02\/citacionmesa.pdf\">Mesa de contrataci\u00f3n 12\/03\/2020 13:00<\/a><\/p>\n<p>25\/03\/2020 <a href=\"https:\/\/contratacion.almunecar.es\/wp-content\/uploads\/2020\/02\/20200318_Acta_Acta-mesas_Acta-mesa-de-contrataci\u00f3n-12-marzo-2020.pdf\">Acta mesa de contrataci\u00f3n 12 marzo 2020<\/a><\/p>\n<p>06\/06\/2020 <a href=\"https:\/\/contratacion.almunecar.es\/wp-content\/uploads\/2020\/02\/AJGL-adjudicacion.pdf\">AJGL adjudicacion<\/a><\/p>\n<p>15\/06\/2020 <a href=\"https:\/\/contratacion.almunecar.es\/wp-content\/uploads\/2020\/02\/PLACSP-Formalizaci\u00f3n.pdf\">PLACSP &#8211; Formalizaci\u00f3n<\/a><\/p>\n","protected":false},"excerpt":{"rendered":"<p>04\/02\/2020 PPT 04\/02\/2020 PCAP 04\/02\/2020 Aprobaci\u00f3n del expediente 04\/02\/2020 PLACSP &#8211; Documento de los pliegos 04\/02\/2020 PLACSP &#8211; Anuncio Licitaci\u00f3n Para m\u00e1s informaci\u00f3n y para la presentaci\u00f3n de ofertas: pinche aqu\u00ed 24\/02\/2020 Citaci\u00f3n Mesa de Contrataci\u00f3n 02\/03\/2020 Acta mesa de contrataci\u00f3n 26 febrero 2020 09\/03\/2020 Mesa de contrataci\u00f3n 12\/03\/2020 13:00 25\/03\/2020 Acta mesa de contrataci\u00f3n&hellip; <br \/> <a class=\"button small blue\" href=\"https:\/\/contratacion.almunecar.es\/?p=2562\">Leer m\u00e1s<\/a><\/p>\n","protected":false},"author":5,"featured_media":0,"comment_status":"closed","ping_status":"closed","sticky":false,"template":"","format":"standard","meta":{"_acf_changed":false,"footnotes":""},"categories":[5,12,4],"tags":[],"class_list":["post-2562","post","type-post","status-publish","format-standard","hentry","category-adjudicacion_final","category-formalizacion-de-contrato","category-licitacion"],"acf":[],"_links":{"self":[{"href":"https:\/\/contratacion.almunecar.es\/index.php?rest_route=\/wp\/v2\/posts\/2562","targetHints":{"allow":["GET"]}}],"collection":[{"href":"https:\/\/contratacion.almunecar.es\/index.php?rest_route=\/wp\/v2\/posts"}],"about":[{"href":"https:\/\/contratacion.almunecar.es\/index.php?rest_route=\/wp\/v2\/types\/post"}],"author":[{"embeddable":true,"href":"https:\/\/contratacion.almunecar.es\/index.php?rest_route=\/wp\/v2\/users\/5"}],"replies":[{"embeddable":true,"href":"https:\/\/contratacion.almunecar.es\/index.php?rest_route=%2Fwp%2Fv2%2Fcomments&post=2562"}],"version-history":[{"count":11,"href":"https:\/\/contratacion.almunecar.es\/index.php?rest_route=\/wp\/v2\/posts\/2562\/revisions"}],"predecessor-version":[{"id":2856,"href":"https:\/\/contratacion.almunecar.es\/index.php?rest_route=\/wp\/v2\/posts\/2562\/revisions\/2856"}],"wp:attachment":[{"href":"https:\/\/contratacion.almunecar.es\/index.php?rest_route=%2Fwp%2Fv2%2Fmedia&parent=2562"}],"wp:term":[{"taxonomy":"category","embeddable":true,"href":"https:\/\/contratacion.almunecar.es\/index.php?rest_route=%2Fwp%2Fv2%2Fcategories&post=2562"},{"taxonomy":"post_tag","embeddable":true,"href":"https:\/\/contratacion.almunecar.es\/index.php?rest_route=%2Fwp%2Fv2%2Ftags&post=2562"}],"curies":[{"name":"wp","href":"https:\/\/api.w.org\/{rel}","templated":true}]}}